{"id":263,"date":"2010-07-31T00:34:47","date_gmt":"2010-07-30T23:34:47","guid":{"rendered":"http:\/\/trail.camadeira.com\/?p=263"},"modified":"2010-07-31T00:37:19","modified_gmt":"2010-07-30T23:37:19","slug":"trail-du-tour-des-fiz","status":"publish","type":"post","link":"http:\/\/trail.camadeira.com\/?p=263","title":{"rendered":"Trail du Tour des Fiz"},"content":{"rendered":"<p><a href=\"http:\/\/trail.camadeira.com\/wp-content\/uploads\/2010\/07\/TAR5.jpg\"><img loading=\"lazy\" class=\"alignleft size-medium wp-image-264\" title=\"TAR5\" src=\"http:\/\/trail.camadeira.com\/wp-content\/uploads\/2010\/07\/TAR5-300x225.jpg\" alt=\"\" width=\"240\" height=\"180\" srcset=\"http:\/\/trail.camadeira.com\/wp-content\/uploads\/2010\/07\/TAR5-300x225.jpg 300w, http:\/\/trail.camadeira.com\/wp-content\/uploads\/2010\/07\/TAR5.jpg 400w\" sizes=\"(max-width: 240px) 100vw, 240px\" \/><\/a>Este fim-de-semana, Gon\u00e7alo Silva e Nuno Caetano ir\u00e3o participar na segunda edi\u00e7\u00e3o do Trail du Tour des Fiz em Passy Plaine-Joux (Fran\u00e7a).<\/p>\n<p>O atleta do Clube Aventura da Madeira, Gon\u00e7alo Silva, ir\u00e1 participar no percurso mais pequeno o P&#8217;tit Tour des Fiz de 29 km&#8217;s com 2300 m&#8217;s de D+, enquanto que Nuno Caetano ir\u00e1 por sua vez fazer Trail du Tour des Fiz, percurso principal\u00a0 da prova com 60 km&#8217;s e 6000 m&#8217;s D+. Para o Nuno esta ser\u00e1 a sua primeira prova trail da \u00e9poca, que vem da recupera\u00e7\u00e3o de uma les\u00e3o que o obrigou a parar algum tempo e faltar a algumas provas, j\u00e1 para o Gon\u00e7alo ser\u00e1 mais uma prova na sequ\u00eancia da sua prepara\u00e7\u00e3o para o Tor des Geants em Setembro.<\/p>\n<p>A prova decorrer\u00e1 no pr\u00f3ximo domingo, com Nuno Caetano come\u00e7ando a sua prova \u00e1s 6h e Gon\u00e7alo Silva \u00e1s 9h.<\/p>\n<p><a href=\"http:\/\/www.camp-de-base.com\/fr\/trail-tour-des-fiz.aspx\" target=\"_blank\"><strong>SITE DA PROVA<\/strong><\/a><\/p>\n","protected":false},"excerpt":{"rendered":"<p>Este fim-de-semana, Gon\u00e7alo Silva e Nuno Caetano ir\u00e3o participar na segunda edi\u00e7\u00e3o do Trail du Tour des Fiz em Passy Plaine-Joux (Fran\u00e7a). O atleta do Clube Aventura da Madeira, Gon\u00e7alo Silva, ir\u00e1 participar no percurso mais pequeno o P&#8217;tit Tour des Fiz de 29 km&#8217;s com 2300 m&#8217;s de D+, enquanto que Nuno Caetano ir\u00e1 &hellip; <\/p>\n<p><a class=\"more-link btn\" href=\"http:\/\/trail.camadeira.com\/?p=263\">Continue a ler<\/a><\/p>\n","protected":false},"author":1,"featured_media":0,"comment_status":"open","ping_status":"open","sticky":false,"template":"","format":"standard","meta":[],"categories":[1],"tags":[],"_links":{"self":[{"href":"http:\/\/trail.camadeira.com\/index.php?rest_route=\/wp\/v2\/posts\/263"}],"collection":[{"href":"http:\/\/trail.camadeira.com\/index.php?rest_route=\/wp\/v2\/posts"}],"about":[{"href":"http:\/\/trail.camadeira.com\/index.php?rest_route=\/wp\/v2\/types\/post"}],"author":[{"embeddable":true,"href":"http:\/\/trail.camadeira.com\/index.php?rest_route=\/wp\/v2\/users\/1"}],"replies":[{"embeddable":true,"href":"http:\/\/trail.camadeira.com\/index.php?rest_route=%2Fwp%2Fv2%2Fcomments&post=263"}],"version-history":[{"count":4,"href":"http:\/\/trail.camadeira.com\/index.php?rest_route=\/wp\/v2\/posts\/263\/revisions"}],"predecessor-version":[{"id":268,"href":"http:\/\/trail.camadeira.com\/index.php?rest_route=\/wp\/v2\/posts\/263\/revisions\/268"}],"wp:attachment":[{"href":"http:\/\/trail.camadeira.com\/index.php?rest_route=%2Fwp%2Fv2%2Fmedia&parent=263"}],"wp:term":[{"taxonomy":"category","embeddable":true,"href":"http:\/\/trail.camadeira.com\/index.php?rest_route=%2Fwp%2Fv2%2Fcategories&post=263"},{"taxonomy":"post_tag","embeddable":true,"href":"http:\/\/trail.camadeira.com\/index.php?rest_route=%2Fwp%2Fv2%2Ftags&post=263"}],"curies":[{"name":"wp","href":"https:\/\/api.w.org\/{rel}","templated":true}]}}