{"id":2550,"date":"2021-05-11T10:16:00","date_gmt":"2021-05-11T09:16:00","guid":{"rendered":"https:\/\/trail.camadeira.com\/?p=2550"},"modified":"2021-05-13T13:26:03","modified_gmt":"2021-05-13T12:26:03","slug":"data-limite-de-inscricoes-sabado-8-maio-2021","status":"publish","type":"post","link":"http:\/\/trail.camadeira.com\/?p=2550","title":{"rendered":"Verifique a sua inscri\u00e7\u00e3o Entrega de Peitorais"},"content":{"rendered":"\n<p>As inscri\u00e7\u00f5es para o Trail da Ribeira encerraram no passado dia 8 de maio. Todos os interessados devem confirmar a sua inscri\u00e7\u00e3o ou verificar os respetivos dados caso tenham submetido uma inscri\u00e7\u00e3o no evento. Em caso de erro devem contactar a organiza\u00e7\u00e3o: camadeira.trail@gmail.com<\/p>\n\n\n\n<p><strong>ATEN\u00c7\u00c3O! Existem inscritos cuja situa\u00e7\u00e3o n\u00e3o se encontra regular na Federa\u00e7\u00e3o Portuguesa de Atletismo. Os inscritos na situa\u00e7\u00e3o descrita foram notificados pelo correio eletr\u00f3nico no sentido de procederem \u00e0 regulariza\u00e7\u00e3o urgente da sua situa\u00e7\u00e3o sob pena de n\u00e3o ser poss\u00edvel a participa\u00e7\u00e3o!<\/strong><\/p>\n\n\n\n<p><a rel=\"noreferrer noopener\" href=\"http:\/\/trail.camadeira.com\/?page_id=2498\" target=\"_blank\"><strong>Programa<\/strong><\/a> &#8211; consulte o programa para obter informa\u00e7\u00e3o dos momentos que se seguem no evento, e como levantar o peitoral para a sua participa\u00e7\u00e3o.<\/p>\n\n\n\n<p><a rel=\"noreferrer noopener\" href=\"http:\/\/trail.camadeira.com\/?page_id=2594\" target=\"_blank\"><strong>Lista de Inscritos com Peitoral<\/strong><\/a><\/p>\n\n\n\n<p><strong><a href=\"http:\/\/trail.camadeira.com\/?page_id=2567\" target=\"_blank\" rel=\"noreferrer noopener\">Termo\/Declara\u00e7\u00e3o de Responsabilidade<\/a><\/strong><\/p>\n\n\n\n<p><a rel=\"noreferrer noopener\" href=\"https:\/\/trail.camadeira.com\/?page_id=2465\" target=\"_blank\"><strong>Percursos<\/strong><\/a><\/p>\n\n\n\n<figure class=\"wp-block-image size-large\"><a href=\"https:\/\/trail.camadeira.com\/wp-content\/uploads\/2021\/05\/CARTAZ-RGB-FINAL-TRAIL-BRAVA-11MAIO-rgb-NET.jpg\"><img loading=\"lazy\" width=\"732\" height=\"1024\" src=\"https:\/\/trail.camadeira.com\/wp-content\/uploads\/2021\/05\/CARTAZ-RGB-FINAL-TRAIL-BRAVA-11MAIO-rgb-NET-732x1024.jpg\" alt=\"\" class=\"wp-image-2573\" srcset=\"http:\/\/trail.camadeira.com\/wp-content\/uploads\/2021\/05\/CARTAZ-RGB-FINAL-TRAIL-BRAVA-11MAIO-rgb-NET-732x1024.jpg 732w, http:\/\/trail.camadeira.com\/wp-content\/uploads\/2021\/05\/CARTAZ-RGB-FINAL-TRAIL-BRAVA-11MAIO-rgb-NET-214x300.jpg 214w, http:\/\/trail.camadeira.com\/wp-content\/uploads\/2021\/05\/CARTAZ-RGB-FINAL-TRAIL-BRAVA-11MAIO-rgb-NET-768x1075.jpg 768w, http:\/\/trail.camadeira.com\/wp-content\/uploads\/2021\/05\/CARTAZ-RGB-FINAL-TRAIL-BRAVA-11MAIO-rgb-NET-750x1050.jpg 750w, http:\/\/trail.camadeira.com\/wp-content\/uploads\/2021\/05\/CARTAZ-RGB-FINAL-TRAIL-BRAVA-11MAIO-rgb-NET.jpg 1063w\" sizes=\"(max-width: 732px) 100vw, 732px\" \/><\/a><\/figure>\n","protected":false},"excerpt":{"rendered":"<p>As inscri\u00e7\u00f5es para o Trail da Ribeira encerraram no passado dia 8 de maio. Todos os interessados devem confirmar a sua inscri\u00e7\u00e3o ou verificar os respetivos dados caso tenham submetido uma inscri\u00e7\u00e3o no evento. Em caso de erro devem contactar a organiza\u00e7\u00e3o: camadeira.trail@gmail.com ATEN\u00c7\u00c3O! Existem inscritos cuja situa\u00e7\u00e3o n\u00e3o se encontra regular na Federa\u00e7\u00e3o Portuguesa &hellip; <\/p>\n<p><a class=\"more-link btn\" href=\"http:\/\/trail.camadeira.com\/?p=2550\">Continue a ler<\/a><\/p>\n","protected":false},"author":1,"featured_media":0,"comment_status":"closed","ping_status":"closed","sticky":false,"template":"","format":"standard","meta":[],"categories":[1],"tags":[],"_links":{"self":[{"href":"http:\/\/trail.camadeira.com\/index.php?rest_route=\/wp\/v2\/posts\/2550"}],"collection":[{"href":"http:\/\/trail.camadeira.com\/index.php?rest_route=\/wp\/v2\/posts"}],"about":[{"href":"http:\/\/trail.camadeira.com\/index.php?rest_route=\/wp\/v2\/types\/post"}],"author":[{"embeddable":true,"href":"http:\/\/trail.camadeira.com\/index.php?rest_route=\/wp\/v2\/users\/1"}],"replies":[{"embeddable":true,"href":"http:\/\/trail.camadeira.com\/index.php?rest_route=%2Fwp%2Fv2%2Fcomments&post=2550"}],"version-history":[{"count":19,"href":"http:\/\/trail.camadeira.com\/index.php?rest_route=\/wp\/v2\/posts\/2550\/revisions"}],"predecessor-version":[{"id":2636,"href":"http:\/\/trail.camadeira.com\/index.php?rest_route=\/wp\/v2\/posts\/2550\/revisions\/2636"}],"wp:attachment":[{"href":"http:\/\/trail.camadeira.com\/index.php?rest_route=%2Fwp%2Fv2%2Fmedia&parent=2550"}],"wp:term":[{"taxonomy":"category","embeddable":true,"href":"http:\/\/trail.camadeira.com\/index.php?rest_route=%2Fwp%2Fv2%2Fcategories&post=2550"},{"taxonomy":"post_tag","embeddable":true,"href":"http:\/\/trail.camadeira.com\/index.php?rest_route=%2Fwp%2Fv2%2Ftags&post=2550"}],"curies":[{"name":"wp","href":"https:\/\/api.w.org\/{rel}","templated":true}]}}