{"id":2521,"date":"2021-05-03T18:05:35","date_gmt":"2021-05-03T17:05:35","guid":{"rendered":"http:\/\/trail.camadeira.com\/?p=2521"},"modified":"2021-05-05T00:24:26","modified_gmt":"2021-05-04T23:24:26","slug":"retoma-da-competicao-no-trail-running-possivel-aos-atletas-federados-fpa-aaram","status":"publish","type":"post","link":"http:\/\/trail.camadeira.com\/?p=2521","title":{"rendered":"Retoma da competi\u00e7\u00e3o no Trail Running poss\u00edvel aos atletas federados FPA \/ AARAM"},"content":{"rendered":"\n<p>O CAMadeira &#8211;  Clube Aventura da Madeira informa aos interessados que ap\u00f3s parecer das autoridades competentes, e respetivas regras para a retoma da atividade federada de competi\u00e7\u00e3o, s\u00f3 ser\u00e1 poss\u00edvel a participa\u00e7\u00e3o de atletas federados no Trail da Ribeira Brava.<\/p>\n\n\n\n<p>As inscri\u00e7\u00f5es ser\u00e3o validadas junto da Associa\u00e7\u00e3o de Atletismo da RAM, com intuito de verificar a regularidade da situa\u00e7\u00e3o de federado dos inscritos.<\/p>\n\n\n\n<p>Continuamos a aguardar a informa\u00e7\u00e3o da possibilidade de utiliza\u00e7\u00e3o do parcial do Caminho Real da Encumeada, que envolve a prova. Presentemente o percurso em causa est\u00e1 encerrado devido a derrocadas , sendo crucial para a realiza\u00e7\u00e3o do evento.<\/p>\n\n\n\n<p><strong><a href=\"http:\/\/trail.camadeira.com\/?page_id=2498\" target=\"_blank\" rel=\"noreferrer noopener\">Programa<\/a><\/strong><\/p>\n\n\n\n<p><strong><a href=\"http:\/\/trail.camadeira.com\/wp-content\/uploads\/2021\/05\/REGULAMENTO-TRAIL-RIBEIRA-BRAVA-16-MAIO-2021-VERS1.2.pdf\" target=\"_blank\" rel=\"noreferrer noopener\">Regulamento <\/a><\/strong><\/p>\n\n\n\n<p><strong><a rel=\"noreferrer noopener\" href=\"http:\/\/trail.camadeira.com\/?page_id=2465\" target=\"_blank\">Informa\u00e7\u00e3o T\u00e9cnica &#8211; Percursos<\/a><\/strong><\/p>\n\n\n\n<p><a rel=\"noreferrer noopener\" href=\"http:\/\/lap2go.com\/trail-da-ribeira-brava-2021\" target=\"_blank\"><strong>Inscri\u00e7\u00f5es<\/strong><\/a><\/p>\n","protected":false},"excerpt":{"rendered":"<p>O CAMadeira &#8211; Clube Aventura da Madeira informa aos interessados que ap\u00f3s parecer das autoridades competentes, e respetivas regras para a retoma da atividade federada de competi\u00e7\u00e3o, s\u00f3 ser\u00e1 poss\u00edvel a participa\u00e7\u00e3o de atletas federados no Trail da Ribeira Brava. As inscri\u00e7\u00f5es ser\u00e3o validadas junto da Associa\u00e7\u00e3o de Atletismo da RAM, com intuito de verificar &hellip; <\/p>\n<p><a class=\"more-link btn\" href=\"http:\/\/trail.camadeira.com\/?p=2521\">Continue a ler<\/a><\/p>\n","protected":false},"author":1,"featured_media":0,"comment_status":"closed","ping_status":"closed","sticky":false,"template":"","format":"standard","meta":[],"categories":[1],"tags":[],"_links":{"self":[{"href":"http:\/\/trail.camadeira.com\/index.php?rest_route=\/wp\/v2\/posts\/2521"}],"collection":[{"href":"http:\/\/trail.camadeira.com\/index.php?rest_route=\/wp\/v2\/posts"}],"about":[{"href":"http:\/\/trail.camadeira.com\/index.php?rest_route=\/wp\/v2\/types\/post"}],"author":[{"embeddable":true,"href":"http:\/\/trail.camadeira.com\/index.php?rest_route=\/wp\/v2\/users\/1"}],"replies":[{"embeddable":true,"href":"http:\/\/trail.camadeira.com\/index.php?rest_route=%2Fwp%2Fv2%2Fcomments&post=2521"}],"version-history":[{"count":10,"href":"http:\/\/trail.camadeira.com\/index.php?rest_route=\/wp\/v2\/posts\/2521\/revisions"}],"predecessor-version":[{"id":2535,"href":"http:\/\/trail.camadeira.com\/index.php?rest_route=\/wp\/v2\/posts\/2521\/revisions\/2535"}],"wp:attachment":[{"href":"http:\/\/trail.camadeira.com\/index.php?rest_route=%2Fwp%2Fv2%2Fmedia&parent=2521"}],"wp:term":[{"taxonomy":"category","embeddable":true,"href":"http:\/\/trail.camadeira.com\/index.php?rest_route=%2Fwp%2Fv2%2Fcategories&post=2521"},{"taxonomy":"post_tag","embeddable":true,"href":"http:\/\/trail.camadeira.com\/index.php?rest_route=%2Fwp%2Fv2%2Ftags&post=2521"}],"curies":[{"name":"wp","href":"https:\/\/api.w.org\/{rel}","templated":true}]}}