{"id":2483,"date":"2021-04-28T10:10:24","date_gmt":"2021-04-28T09:10:24","guid":{"rendered":"http:\/\/trail.camadeira.com\/?p=2483"},"modified":"2021-04-30T23:12:03","modified_gmt":"2021-04-30T22:12:03","slug":"trail-da-ribeira-brava-16-maio-2021-informacao-atual","status":"publish","type":"post","link":"http:\/\/trail.camadeira.com\/?p=2483","title":{"rendered":"Informa\u00e7\u00e3o Atual -Trail da Ribeira Brava &#8211; 16 Maio 2021!"},"content":{"rendered":"\n<p>Na sequ\u00eancia do an\u00fancio das autoridades competentes, que a retoma da competi\u00e7\u00e3o federada \u00e9 possivel a partir de 3 de maio, o Clube Aventura da Madeira iniciou os procedimentos com intuito de disponibilizar a realiza\u00e7\u00e3o do <strong>Trail da Ribeira Brava<\/strong> aos atletas federados interessados.<\/p>\n\n\n\n<p>No presente decorrem os procedimentos e contactos com as autoridades,  e com o seu consentimento, iremos abrir as inscri\u00e7\u00f5es, prevendo que seja poss\u00edvel disponibilizar um <strong>per\u00edodo de inscri\u00e7\u00f5es entre 3 e 8 de maio de 2021<\/strong>.<\/p>\n\n\n\n<p>A organiza\u00e7\u00e3o est\u00e1 <strong>rever as condi\u00e7\u00f5es dos itiner\u00e1rios<\/strong>, onde decorrer\u00e3o alguns trabalhos de limpeza nos pr\u00f3ximos dias, com o objectivo de disponibilizar os ficheiros para utiliza\u00e7\u00e3o GPS, para que seja poss\u00edvel realizar reconhecimentos <strong>(Aten\u00e7\u00e3o! O PR12 &#8211; Caminho Real da Encumeada est\u00e1 <a href=\"https:\/\/ifcn.madeira.gov.pt\/atividades-de-natureza\/percursos-pedestres-recomendados\/percursos-pedestres-recomendados.html\">encerrado<\/a> ao p\u00fablico, sendo um dos parciais dos itiner\u00e1rios previstos, n\u00e3o \u00e9 poss\u00edvel passar actualmente no itiner\u00e1rio<\/strong>) . Para visualizar os itiner\u00e1rios e as suas caracter\u00edsticas de orografia e desn\u00edvel est\u00e1 dispon\u00edvel a seguinte informa\u00e7\u00e3o &#8211;<strong> <a rel=\"noreferrer noopener\" href=\"http:\/\/trail.camadeira.com\/?page_id=2465\" target=\"_blank\">Percursos TRB2021<\/a><\/strong><\/p>\n\n\n\n<p><strong>Programa (provis\u00f3rio)<\/strong><\/p>\n\n\n\n<p>Domingo, 16 de maio 2021<\/p>\n\n\n\n<p>8h30 &#8211; Partida Prova TRB 21Km (Freguesia da Serra de \u00c1gua) &#8211; Partida intervalada por grupos de atletas<\/p>\n\n\n\n<p>9h45 &#8211; Partida Prova MTRB 11,5Km Caminho Real da Encumeada &#8211; Partida Intervalada por grupos de atletas<\/p>\n\n\n\n<p>13h50 &#8211; Encerramento da Meta (Freguesia da Serra de \u00c1gua &#8211; Centro)<\/p>\n\n\n\n<figure class=\"wp-block-image size-large\"><a href=\"http:\/\/trail.camadeira.com\/wp-content\/uploads\/2021\/04\/brava-2.jpg\"><img loading=\"lazy\" width=\"1024\" height=\"768\" src=\"http:\/\/trail.camadeira.com\/wp-content\/uploads\/2021\/04\/brava-2-1024x768.jpg\" alt=\"\" class=\"wp-image-2485\" srcset=\"http:\/\/trail.camadeira.com\/wp-content\/uploads\/2021\/04\/brava-2-1024x768.jpg 1024w, http:\/\/trail.camadeira.com\/wp-content\/uploads\/2021\/04\/brava-2-300x225.jpg 300w, http:\/\/trail.camadeira.com\/wp-content\/uploads\/2021\/04\/brava-2-768x576.jpg 768w, http:\/\/trail.camadeira.com\/wp-content\/uploads\/2021\/04\/brava-2-750x563.jpg 750w, http:\/\/trail.camadeira.com\/wp-content\/uploads\/2021\/04\/brava-2.jpg 1417w\" sizes=\"(max-width: 1024px) 100vw, 1024px\" \/><\/a><\/figure>\n\n\n\n<p><\/p>\n","protected":false},"excerpt":{"rendered":"<p>Na sequ\u00eancia do an\u00fancio das autoridades competentes, que a retoma da competi\u00e7\u00e3o federada \u00e9 possivel a partir de 3 de maio, o Clube Aventura da Madeira iniciou os procedimentos com intuito de disponibilizar a realiza\u00e7\u00e3o do Trail da Ribeira Brava aos atletas federados interessados. No presente decorrem os procedimentos e contactos com as autoridades, e &hellip; <\/p>\n<p><a class=\"more-link btn\" href=\"http:\/\/trail.camadeira.com\/?p=2483\">Continue a ler<\/a><\/p>\n","protected":false},"author":1,"featured_media":0,"comment_status":"closed","ping_status":"closed","sticky":false,"template":"","format":"standard","meta":[],"categories":[1],"tags":[],"_links":{"self":[{"href":"http:\/\/trail.camadeira.com\/index.php?rest_route=\/wp\/v2\/posts\/2483"}],"collection":[{"href":"http:\/\/trail.camadeira.com\/index.php?rest_route=\/wp\/v2\/posts"}],"about":[{"href":"http:\/\/trail.camadeira.com\/index.php?rest_route=\/wp\/v2\/types\/post"}],"author":[{"embeddable":true,"href":"http:\/\/trail.camadeira.com\/index.php?rest_route=\/wp\/v2\/users\/1"}],"replies":[{"embeddable":true,"href":"http:\/\/trail.camadeira.com\/index.php?rest_route=%2Fwp%2Fv2%2Fcomments&post=2483"}],"version-history":[{"count":12,"href":"http:\/\/trail.camadeira.com\/index.php?rest_route=\/wp\/v2\/posts\/2483\/revisions"}],"predecessor-version":[{"id":2506,"href":"http:\/\/trail.camadeira.com\/index.php?rest_route=\/wp\/v2\/posts\/2483\/revisions\/2506"}],"wp:attachment":[{"href":"http:\/\/trail.camadeira.com\/index.php?rest_route=%2Fwp%2Fv2%2Fmedia&parent=2483"}],"wp:term":[{"taxonomy":"category","embeddable":true,"href":"http:\/\/trail.camadeira.com\/index.php?rest_route=%2Fwp%2Fv2%2Fcategories&post=2483"},{"taxonomy":"post_tag","embeddable":true,"href":"http:\/\/trail.camadeira.com\/index.php?rest_route=%2Fwp%2Fv2%2Ftags&post=2483"}],"curies":[{"name":"wp","href":"https:\/\/api.w.org\/{rel}","templated":true}]}}