{"id":2458,"date":"2021-04-15T12:00:00","date_gmt":"2021-04-15T11:00:00","guid":{"rendered":"http:\/\/trail.camadeira.com\/?p=2458"},"modified":"2021-04-22T22:11:51","modified_gmt":"2021-04-22T21:11:51","slug":"1-a-edicao-trail-da-ribeira-brava-16-maio-2021","status":"publish","type":"post","link":"http:\/\/trail.camadeira.com\/?p=2458","title":{"rendered":"TRAIL DA RIBEIRA BRAVA &#8211; 16 Maio 2021"},"content":{"rendered":"<p>O Clube Aventura da Madeira informa que o Trail da Ribeira Brava est\u00e1 agendado para 16 de maio de 2021, integrando o Calend\u00e1rio Trail Madeira com duas provas, o Trail da Ribeira Brava &#8211; Longo (21km 1100m D+) e o Mini Trail da Ribeira Brava &#8211; Curto (11,5km 450m D+ \/ 1000m D-), que decorrem por caminhos e trilhos na Freguesia da Serra de \u00c1gua.<\/p>\n<p>A realiza\u00e7\u00e3o da prova est\u00e1 condicionada \u00e0s conting\u00eancias decorrentes da situa\u00e7\u00e3o de pandemia da doen\u00e7a COVID-19, podendo n\u00e3o se realizar se n\u00e3o estiverem definidas condi\u00e7\u00f5es que permitam a organiza\u00e7\u00e3o em tempo \u00fatil.<\/p>\n<p>Toda a comunica\u00e7\u00e3o sobre o evento ser\u00e1 partilhada nesta p\u00e1gina.<\/p>\n<ul>\n<li><a href=\"http:\/\/trail.camadeira.com\/?page_id=2465\" target=\"_blank\" rel=\"noopener\">Percursos 2021<\/a><\/li>\n<\/ul>\n<p><a href=\"http:\/\/trail.camadeira.com\/wp-content\/uploads\/2021\/04\/P1350704.jpg\"><img loading=\"lazy\" class=\"aligncenter size-full wp-image-2476\" src=\"http:\/\/trail.camadeira.com\/wp-content\/uploads\/2021\/04\/P1350704.jpg\" alt=\"\" width=\"2000\" height=\"1500\" srcset=\"http:\/\/trail.camadeira.com\/wp-content\/uploads\/2021\/04\/P1350704.jpg 2000w, http:\/\/trail.camadeira.com\/wp-content\/uploads\/2021\/04\/P1350704-300x225.jpg 300w, http:\/\/trail.camadeira.com\/wp-content\/uploads\/2021\/04\/P1350704-1024x768.jpg 1024w, http:\/\/trail.camadeira.com\/wp-content\/uploads\/2021\/04\/P1350704-768x576.jpg 768w, http:\/\/trail.camadeira.com\/wp-content\/uploads\/2021\/04\/P1350704-1536x1152.jpg 1536w, http:\/\/trail.camadeira.com\/wp-content\/uploads\/2021\/04\/P1350704-750x563.jpg 750w\" sizes=\"(max-width: 2000px) 100vw, 2000px\" \/><\/a><\/p>\n\n\n<p><\/p>\n","protected":false},"excerpt":{"rendered":"<p>O Clube Aventura da Madeira informa que o Trail da Ribeira Brava est\u00e1 agendado para 16 de maio de 2021, integrando o Calend\u00e1rio Trail Madeira com duas provas, o Trail da Ribeira Brava &#8211; Longo (21km 1100m D+) e o Mini Trail da Ribeira Brava &#8211; Curto (11,5km 450m D+ \/ 1000m D-), que decorrem &hellip; <\/p>\n<p><a class=\"more-link btn\" href=\"http:\/\/trail.camadeira.com\/?p=2458\">Continue a ler<\/a><\/p>\n","protected":false},"author":1,"featured_media":0,"comment_status":"closed","ping_status":"closed","sticky":false,"template":"","format":"standard","meta":[],"categories":[1],"tags":[],"_links":{"self":[{"href":"http:\/\/trail.camadeira.com\/index.php?rest_route=\/wp\/v2\/posts\/2458"}],"collection":[{"href":"http:\/\/trail.camadeira.com\/index.php?rest_route=\/wp\/v2\/posts"}],"about":[{"href":"http:\/\/trail.camadeira.com\/index.php?rest_route=\/wp\/v2\/types\/post"}],"author":[{"embeddable":true,"href":"http:\/\/trail.camadeira.com\/index.php?rest_route=\/wp\/v2\/users\/1"}],"replies":[{"embeddable":true,"href":"http:\/\/trail.camadeira.com\/index.php?rest_route=%2Fwp%2Fv2%2Fcomments&post=2458"}],"version-history":[{"count":7,"href":"http:\/\/trail.camadeira.com\/index.php?rest_route=\/wp\/v2\/posts\/2458\/revisions"}],"predecessor-version":[{"id":2479,"href":"http:\/\/trail.camadeira.com\/index.php?rest_route=\/wp\/v2\/posts\/2458\/revisions\/2479"}],"wp:attachment":[{"href":"http:\/\/trail.camadeira.com\/index.php?rest_route=%2Fwp%2Fv2%2Fmedia&parent=2458"}],"wp:term":[{"taxonomy":"category","embeddable":true,"href":"http:\/\/trail.camadeira.com\/index.php?rest_route=%2Fwp%2Fv2%2Fcategories&post=2458"},{"taxonomy":"post_tag","embeddable":true,"href":"http:\/\/trail.camadeira.com\/index.php?rest_route=%2Fwp%2Fv2%2Ftags&post=2458"}],"curies":[{"name":"wp","href":"https:\/\/api.w.org\/{rel}","templated":true}]}}