{"id":2432,"date":"2020-03-11T00:26:46","date_gmt":"2020-03-10T23:26:46","guid":{"rendered":"http:\/\/trail.camadeira.com\/?p=2432"},"modified":"2020-03-11T01:18:54","modified_gmt":"2020-03-11T00:18:54","slug":"atletas-do-clube-aventura-da-madeira-com-bons-resultados-no-porto-santo-nature-trail","status":"publish","type":"post","link":"http:\/\/trail.camadeira.com\/?p=2432","title":{"rendered":"Atletas do Clube Aventura da Madeira com bons resultados no Porto Santo Nature Trail."},"content":{"rendered":"<h3><strong>Filipe Ferreira, Nadia Meroni e Jos\u00e9 Ribeiro destacaram-se!<\/strong><\/h3>\n<p>O Porto Santo recebeu no passado s\u00e1bado,\u00a07 de mar\u00e7o, mais uma edi\u00e7\u00e3o do Nature Trail que foi igualmente Campeonato Regional de Trail Running. Oito atletas representaram o Clube Aventura da Madeira, com Filipe Ferreira a ser 6.\u00ba da geral masculina da prova Ultra de 42km. Nesta mesma dist\u00e2ncia Jo\u00e3o Duarte foi 50.\u00ba da geral masculina, e Jo\u00e3o Mendon\u00e7a foi 65.\u00ba fechando um excelente 5.\u00ba lugar coletivo do Clube Aventura da Madeira na prova Ultra.<\/p>\n<p>Nos femininos Nadia Meroni, foi 11.\u00aa na geral feminina e venceu o seu escal\u00e3o de idade, o V45, enquanto Rosalina Gouveia foi 23.\u00aa da geral feminina.<\/p>\n<p>No Trail Longo, Jos\u00e9 Ribeiro destacou-se vencendo o seu escal\u00e3o V50, sendo 19.\u00ba na geral masculina. Ainda nesta dist\u00e2ncia Dario Abreu foi 117.\u00ba e 7.\u00ba no V50.<\/p>\n<p>Edson Pereira representou o Clube na prova curta de 8km alcan\u00e7ando a 70.\u00aa posi\u00e7\u00e3o da geral masculina.<\/p>\n<p>42km<br \/>\n11\u00aa 87\u00aa 3 N\u00e1dia Meroni POR 1971 1.\u00aa V 45 CAMAD 6:23:47<br \/>\n23\u00aa 124\u00aa 115 Rosalina Gouveia POR 1979 V 40 CAMAD 8:34:43<\/p>\n<p>6\u00ba 6\u00ba 147 Jo\u00e3o F. Ferreira POR 1989 S\u00e9nior CAMAD 4:20:02<br \/>\n50\u00ba 53\u00ba 59 Jo\u00e3o C. Duarte POR 1975 V 45 CAMAD 5:40:28<br \/>\n65\u00ba 70\u00ba 2 Jo\u00e3o Mendon\u00e7a POR 1971 V 45 CAMAD 6:02:13<\/p>\n<p>21km<br \/>\n1\u00aa 19\u00ba Jos\u00e9 Ribeiro POR 1965 V 50 CAMAD 2:17:33<br \/>\n7\u00aa 117\u00ba D\u00e1rio Abreu POR 1965 V 50 CAMAD 3:25:11<\/p>\n<p>8KM<br \/>\n70\u00ba 77\u00ba 661 Edson Pereira POR 1982 V 35 CAMAD 1:00:00<\/p>\n<p>&nbsp;<\/p>\n<p>&nbsp;<\/p>\n<p><a href=\"http:\/\/trail.camadeira.com\/wp-content\/uploads\/2020\/03\/89645214_1502931183217879_3959708956397404160_o.jpg\"><img loading=\"lazy\" class=\"aligncenter size-full wp-image-2433\" src=\"http:\/\/trail.camadeira.com\/wp-content\/uploads\/2020\/03\/89645214_1502931183217879_3959708956397404160_o.jpg\" alt=\"89645214_1502931183217879_3959708956397404160_o\" width=\"960\" height=\"640\" srcset=\"http:\/\/trail.camadeira.com\/wp-content\/uploads\/2020\/03\/89645214_1502931183217879_3959708956397404160_o.jpg 960w, http:\/\/trail.camadeira.com\/wp-content\/uploads\/2020\/03\/89645214_1502931183217879_3959708956397404160_o-300x200.jpg 300w\" sizes=\"(max-width: 960px) 100vw, 960px\" \/><\/a> <a href=\"http:\/\/trail.camadeira.com\/wp-content\/uploads\/2020\/03\/89799079_1502936573217340_4630704460031590400_o.jpg\"><img loading=\"lazy\" class=\"aligncenter size-full wp-image-2434\" src=\"http:\/\/trail.camadeira.com\/wp-content\/uploads\/2020\/03\/89799079_1502936573217340_4630704460031590400_o.jpg\" alt=\"89799079_1502936573217340_4630704460031590400_o\" width=\"960\" height=\"640\" srcset=\"http:\/\/trail.camadeira.com\/wp-content\/uploads\/2020\/03\/89799079_1502936573217340_4630704460031590400_o.jpg 960w, http:\/\/trail.camadeira.com\/wp-content\/uploads\/2020\/03\/89799079_1502936573217340_4630704460031590400_o-300x200.jpg 300w\" sizes=\"(max-width: 960px) 100vw, 960px\" \/><\/a><\/p>\n","protected":false},"excerpt":{"rendered":"<p>Filipe Ferreira, Nadia Meroni e Jos\u00e9 Ribeiro destacaram-se! O Porto Santo recebeu no passado s\u00e1bado,\u00a07 de mar\u00e7o, mais uma edi\u00e7\u00e3o do Nature Trail que foi igualmente Campeonato Regional de Trail Running. Oito atletas representaram o Clube Aventura da Madeira, com Filipe Ferreira a ser 6.\u00ba da geral masculina da prova Ultra de 42km. Nesta mesma &hellip; <\/p>\n<p><a class=\"more-link btn\" href=\"http:\/\/trail.camadeira.com\/?p=2432\">Continue a ler<\/a><\/p>\n","protected":false},"author":1,"featured_media":0,"comment_status":"closed","ping_status":"closed","sticky":false,"template":"","format":"standard","meta":[],"categories":[1],"tags":[],"_links":{"self":[{"href":"http:\/\/trail.camadeira.com\/index.php?rest_route=\/wp\/v2\/posts\/2432"}],"collection":[{"href":"http:\/\/trail.camadeira.com\/index.php?rest_route=\/wp\/v2\/posts"}],"about":[{"href":"http:\/\/trail.camadeira.com\/index.php?rest_route=\/wp\/v2\/types\/post"}],"author":[{"embeddable":true,"href":"http:\/\/trail.camadeira.com\/index.php?rest_route=\/wp\/v2\/users\/1"}],"replies":[{"embeddable":true,"href":"http:\/\/trail.camadeira.com\/index.php?rest_route=%2Fwp%2Fv2%2Fcomments&post=2432"}],"version-history":[{"count":5,"href":"http:\/\/trail.camadeira.com\/index.php?rest_route=\/wp\/v2\/posts\/2432\/revisions"}],"predecessor-version":[{"id":2439,"href":"http:\/\/trail.camadeira.com\/index.php?rest_route=\/wp\/v2\/posts\/2432\/revisions\/2439"}],"wp:attachment":[{"href":"http:\/\/trail.camadeira.com\/index.php?rest_route=%2Fwp%2Fv2%2Fmedia&parent=2432"}],"wp:term":[{"taxonomy":"category","embeddable":true,"href":"http:\/\/trail.camadeira.com\/index.php?rest_route=%2Fwp%2Fv2%2Fcategories&post=2432"},{"taxonomy":"post_tag","embeddable":true,"href":"http:\/\/trail.camadeira.com\/index.php?rest_route=%2Fwp%2Fv2%2Ftags&post=2432"}],"curies":[{"name":"wp","href":"https:\/\/api.w.org\/{rel}","templated":true}]}}