{"id":2428,"date":"2020-03-02T11:54:15","date_gmt":"2020-03-02T10:54:15","guid":{"rendered":"http:\/\/trail.camadeira.com\/?p=2428"},"modified":"2021-04-21T21:42:49","modified_gmt":"2021-04-21T20:42:49","slug":"trail-running-de-novo-no-concelho-da-ribeira-brava-a-17-de-maio-2020","status":"publish","type":"post","link":"http:\/\/trail.camadeira.com\/?p=2428","title":{"rendered":"Trail Ribeira Brava 17 de maio 2020 &#8211; Organiza\u00e7\u00e3o Suspensa -Atualiza\u00e7\u00e3o da Informa\u00e7\u00e3o!"},"content":{"rendered":"<p>O Clube Aventura da Madeira projetou a organiza\u00e7\u00e3o&nbsp;&nbsp;do &#8220;TRAIL RIBEIRA BRAVA&#8221; no \u00e2mbito do Calend\u00e1rio da Associa\u00e7\u00e3o de Atletismo da RAM, inicialmente agendado para o dia 17 de maio de 2020, com itiner\u00e1rios&nbsp;delineados na&nbsp;Freguesia da Serra de \u00c1gua.<\/p>\n<p>A prova principal com aproximadamente 22km e 1150m D+ circunda o vale da Serra de \u00c1gua, enquanto o trail curto, com 12Km e 450m D+ ter\u00e1 partida nas proximidades da Encumeada, fazendo a parte final do itiner\u00e1rio principal com passagens pela Central Hidroel\u00e9ctrica da Serra de \u00c1gua, Pousada dos Vinh\u00e1ticos, Faj\u00e3 das \u00c9guas e Faj\u00e3 dos Vinh\u00e1ticos, com a meta para ambos os percursos prevista no centro da Freguesia da Serra de \u00c1gua.<\/p>\n<p><span style=\"text-decoration: underline;\"><strong>[warning]Face&nbsp;\u00e0 conjuntura atual, com a evolu\u00e7\u00e3o da problem\u00e1tica associada ao novocoronav\u00edrus e COVID-19, a&nbsp;organiza\u00e7\u00e3o da prova est\u00e1 suspensa! A eventual realiza\u00e7\u00e3o do evento na atual \u00e9poca desportiva depende da evolu\u00e7\u00e3o positiva da pandemia e das limita\u00e7\u00f5es impostas e outras sugeridas pelas autoridades, e da necessidade e disponibilidade de calend\u00e1rio para a sua realiza\u00e7\u00e3o! [\/warning]<\/strong><\/span><\/p>\n<p><a href=\"http:\/\/trail.camadeira.com\/wp-content\/uploads\/2020\/03\/P1570488.jpg\"><img loading=\"lazy\" class=\"aligncenter size-full wp-image-2450\" src=\"http:\/\/trail.camadeira.com\/wp-content\/uploads\/2020\/03\/P1570488.jpg\" alt=\"P1570488\" width=\"1600\" height=\"1200\" srcset=\"http:\/\/trail.camadeira.com\/wp-content\/uploads\/2020\/03\/P1570488.jpg 1600w, http:\/\/trail.camadeira.com\/wp-content\/uploads\/2020\/03\/P1570488-300x225.jpg 300w, http:\/\/trail.camadeira.com\/wp-content\/uploads\/2020\/03\/P1570488-1024x768.jpg 1024w\" sizes=\"(max-width: 1600px) 100vw, 1600px\" \/><\/a><\/p>\n<p><a href=\"http:\/\/trail.camadeira.com\/wp-content\/uploads\/2020\/03\/P1560096.jpg\"><img loading=\"lazy\" class=\"aligncenter size-full wp-image-2451\" src=\"http:\/\/trail.camadeira.com\/wp-content\/uploads\/2020\/03\/P1560096.jpg\" alt=\"P1560096\" width=\"1600\" height=\"1200\" srcset=\"http:\/\/trail.camadeira.com\/wp-content\/uploads\/2020\/03\/P1560096.jpg 1600w, http:\/\/trail.camadeira.com\/wp-content\/uploads\/2020\/03\/P1560096-300x225.jpg 300w, http:\/\/trail.camadeira.com\/wp-content\/uploads\/2020\/03\/P1560096-1024x768.jpg 1024w\" sizes=\"(max-width: 1600px) 100vw, 1600px\" \/><\/a><\/p>\n<p><a href=\"http:\/\/trail.camadeira.com\/wp-content\/uploads\/2020\/03\/P1560821.jpg\"><img loading=\"lazy\" class=\"aligncenter size-full wp-image-2452\" src=\"http:\/\/trail.camadeira.com\/wp-content\/uploads\/2020\/03\/P1560821.jpg\" alt=\"P1560821\" width=\"1600\" height=\"1200\" srcset=\"http:\/\/trail.camadeira.com\/wp-content\/uploads\/2020\/03\/P1560821.jpg 1600w, http:\/\/trail.camadeira.com\/wp-content\/uploads\/2020\/03\/P1560821-300x225.jpg 300w, http:\/\/trail.camadeira.com\/wp-content\/uploads\/2020\/03\/P1560821-1024x768.jpg 1024w\" sizes=\"(max-width: 1600px) 100vw, 1600px\" \/><\/a><\/p>\n<p><a href=\"http:\/\/trail.camadeira.com\/wp-content\/uploads\/2020\/03\/P1570283.jpg\"><img loading=\"lazy\" class=\"aligncenter size-full wp-image-2453\" src=\"http:\/\/trail.camadeira.com\/wp-content\/uploads\/2020\/03\/P1570283.jpg\" alt=\"P1570283\" width=\"1600\" height=\"1200\" srcset=\"http:\/\/trail.camadeira.com\/wp-content\/uploads\/2020\/03\/P1570283.jpg 1600w, http:\/\/trail.camadeira.com\/wp-content\/uploads\/2020\/03\/P1570283-300x225.jpg 300w, http:\/\/trail.camadeira.com\/wp-content\/uploads\/2020\/03\/P1570283-1024x768.jpg 1024w\" sizes=\"(max-width: 1600px) 100vw, 1600px\" \/><\/a><\/p>\n<p><a href=\"http:\/\/trail.camadeira.com\/wp-content\/uploads\/2020\/03\/P1320854.jpg\"><img loading=\"lazy\" class=\"aligncenter size-full wp-image-2427\" src=\"http:\/\/trail.camadeira.com\/wp-content\/uploads\/2020\/03\/P1320854.jpg\" alt=\"P1320854\" width=\"4896\" height=\"3672\" srcset=\"http:\/\/trail.camadeira.com\/wp-content\/uploads\/2020\/03\/P1320854.jpg 4896w, http:\/\/trail.camadeira.com\/wp-content\/uploads\/2020\/03\/P1320854-300x225.jpg 300w, http:\/\/trail.camadeira.com\/wp-content\/uploads\/2020\/03\/P1320854-1024x768.jpg 1024w\" sizes=\"(max-width: 4896px) 100vw, 4896px\" \/><\/a><\/p>\n<p>&nbsp;<\/p>\n","protected":false},"excerpt":{"rendered":"<p>O Clube Aventura da Madeira projetou a organiza\u00e7\u00e3o&nbsp;&nbsp;do &#8220;TRAIL RIBEIRA BRAVA&#8221; no \u00e2mbito do Calend\u00e1rio da Associa\u00e7\u00e3o de Atletismo da RAM, inicialmente agendado para o dia 17 de maio de 2020, com itiner\u00e1rios&nbsp;delineados na&nbsp;Freguesia da Serra de \u00c1gua. A prova principal com aproximadamente 22km e 1150m D+ circunda o vale da Serra de \u00c1gua, enquanto &hellip; <\/p>\n<p><a class=\"more-link btn\" href=\"http:\/\/trail.camadeira.com\/?p=2428\">Continue a ler<\/a><\/p>\n","protected":false},"author":1,"featured_media":0,"comment_status":"closed","ping_status":"closed","sticky":false,"template":"","format":"standard","meta":[],"categories":[5,1],"tags":[23],"_links":{"self":[{"href":"http:\/\/trail.camadeira.com\/index.php?rest_route=\/wp\/v2\/posts\/2428"}],"collection":[{"href":"http:\/\/trail.camadeira.com\/index.php?rest_route=\/wp\/v2\/posts"}],"about":[{"href":"http:\/\/trail.camadeira.com\/index.php?rest_route=\/wp\/v2\/types\/post"}],"author":[{"embeddable":true,"href":"http:\/\/trail.camadeira.com\/index.php?rest_route=\/wp\/v2\/users\/1"}],"replies":[{"embeddable":true,"href":"http:\/\/trail.camadeira.com\/index.php?rest_route=%2Fwp%2Fv2%2Fcomments&post=2428"}],"version-history":[{"count":11,"href":"http:\/\/trail.camadeira.com\/index.php?rest_route=\/wp\/v2\/posts\/2428\/revisions"}],"predecessor-version":[{"id":2464,"href":"http:\/\/trail.camadeira.com\/index.php?rest_route=\/wp\/v2\/posts\/2428\/revisions\/2464"}],"wp:attachment":[{"href":"http:\/\/trail.camadeira.com\/index.php?rest_route=%2Fwp%2Fv2%2Fmedia&parent=2428"}],"wp:term":[{"taxonomy":"category","embeddable":true,"href":"http:\/\/trail.camadeira.com\/index.php?rest_route=%2Fwp%2Fv2%2Fcategories&post=2428"},{"taxonomy":"post_tag","embeddable":true,"href":"http:\/\/trail.camadeira.com\/index.php?rest_route=%2Fwp%2Fv2%2Ftags&post=2428"}],"curies":[{"name":"wp","href":"https:\/\/api.w.org\/{rel}","templated":true}]}}