{"id":2409,"date":"2020-02-10T19:09:24","date_gmt":"2020-02-10T18:09:24","guid":{"rendered":"http:\/\/trail.camadeira.com\/?p=2409"},"modified":"2020-02-11T01:59:29","modified_gmt":"2020-02-11T00:59:29","slug":"resultados-clube-aventura-da-madeira-trail-do-porto-moniz","status":"publish","type":"post","link":"http:\/\/trail.camadeira.com\/?p=2409","title":{"rendered":"Andr\u00e9 Ca\u00edres, Jos\u00e9 Ribeiro, Carla Freitas, Jo\u00e3o Duarte conquistam p\u00f3dios Trail do Porto Moniz"},"content":{"rendered":"<p><strong>Atletas do Clube Aventura com bons resultados no Trail do Porto Moniz<\/strong><\/p>\n<p style=\"text-align: justify;\">O Trail do Porto Moniz 2020 decorreu no passado domingo, 9 fevereiro, com\u00a0 organiza\u00e7\u00e3o do Clube de Montanha do Funchal,\u00a0 que disponibilizou tr\u00eas percursos, Trail Ultra, Trail Longo e Trail Curto que integram o Circuito Regional Trail Madeira 2019\/20 da AARAM. Este evento contou com 10 atletas do Clube Aventura da Madeira.<\/p>\n<p style=\"text-align: justify;\">Destaque para Andr\u00e9 Ca\u00edres que foi 15.\u00ba classificado \u00e0 geral masculina da prova principal de 48km, conseguindo\u00a0a 3.\u00aa posi\u00e7\u00e3o no seu escal\u00e3o de idade o M40. Jos\u00e9 Ribeiro conseguiu igualmente um resultado merit\u00f3rio, com a 20.\u00aa posi\u00e7\u00e3o da geral e vit\u00f3ria no escal\u00e3o M55.\u00a0 Lu\u00eds Rodrigues conseguiu a 32.\u00aa posi\u00e7\u00e3o da geral feminina.<\/p>\n<p style=\"text-align: justify;\">Nos femininos Carla Freitas Brandt conseguiu a 7.\u00aa posi\u00e7\u00e3o \u00e0 geral feminina e o 2.\u00ba lugar no escal\u00e3o F45.<\/p>\n<p style=\"text-align: justify;\"><a href=\"http:\/\/trail.camadeira.com\/wp-content\/uploads\/2020\/02\/83942141_2899328826794899_3072494976492371968_o.jpg\"><img loading=\"lazy\" class=\"aligncenter size-full wp-image-2415\" src=\"http:\/\/trail.camadeira.com\/wp-content\/uploads\/2020\/02\/83942141_2899328826794899_3072494976492371968_o.jpg\" alt=\"83942141_2899328826794899_3072494976492371968_o\" width=\"960\" height=\"720\" srcset=\"http:\/\/trail.camadeira.com\/wp-content\/uploads\/2020\/02\/83942141_2899328826794899_3072494976492371968_o.jpg 960w, http:\/\/trail.camadeira.com\/wp-content\/uploads\/2020\/02\/83942141_2899328826794899_3072494976492371968_o-300x225.jpg 300w\" sizes=\"(max-width: 960px) 100vw, 960px\" \/><\/a><\/p>\n<p style=\"text-align: justify;\">Jo\u00e3o Duarte esteve em bom plano na prova de 26km, conseguido a 28.\u00aa posi\u00e7\u00e3o da geral e o 2.\u00ba lugar no escal\u00e3o M45. No trail Curto Sid\u00f3nio Cabral foi 4.\u00ba e Dario Abreu foi 5.\u00ba no escal\u00e3o V55.<\/p>\n<p><span style=\"text-decoration: underline;\">Todos os resultados dos atletas que representaram o Clube Aventura da Madeira<\/span><\/p>\n<p>Trail Ultra Porto Moniz &#8211; 48km<\/p>\n<p>16\u00ba Andr\u00e9 Caires V40 M 06:56:44<br \/>\n21\u00ba Jose Ribeiro V55 M 07:15:17<br \/>\n34\u00ba Luis Rodrigues V40 M 07:40:37<br \/>\n66\u00ba Carla Freitas Brandt V45 F 08:46:18<br \/>\n86\u00ba Jo\u00e3o Mendon\u00e7a V45 M 09:22:34<\/p>\n<p>Trail Longo Porto Moniz &#8211; 26km<\/p>\n<p>28\u00ba Jo\u00e3o Duarte V45 M 03:06:34<br \/>\n36\u00ba Norberto Ribeiro SEN M 03:15:37<\/p>\n<p>Trail Curto Porto Moniz &#8211; 12km<\/p>\n<p>86\u00ba Ricardo Matos V40 M 01:12:29<br \/>\n108\u00ba Sid\u00f3nio Cabral V55 M 01:15:52<br \/>\n119\u00ba D\u00e1rio Abreu V55 M 01:16:57<\/p>\n<p><a href=\"http:\/\/trail.camadeira.com\/wp-content\/uploads\/2020\/02\/IMG-20200209-WA0002.jpg\"><img loading=\"lazy\" class=\"aligncenter size-full wp-image-2418\" src=\"http:\/\/trail.camadeira.com\/wp-content\/uploads\/2020\/02\/IMG-20200209-WA0002.jpg\" alt=\"IMG-20200209-WA0002\" width=\"1250\" height=\"828\" srcset=\"http:\/\/trail.camadeira.com\/wp-content\/uploads\/2020\/02\/IMG-20200209-WA0002.jpg 1250w, http:\/\/trail.camadeira.com\/wp-content\/uploads\/2020\/02\/IMG-20200209-WA0002-300x199.jpg 300w, http:\/\/trail.camadeira.com\/wp-content\/uploads\/2020\/02\/IMG-20200209-WA0002-1024x678.jpg 1024w\" sizes=\"(max-width: 1250px) 100vw, 1250px\" \/><\/a><\/p>\n","protected":false},"excerpt":{"rendered":"<p>Atletas do Clube Aventura com bons resultados no Trail do Porto Moniz O Trail do Porto Moniz 2020 decorreu no passado domingo, 9 fevereiro, com\u00a0 organiza\u00e7\u00e3o do Clube de Montanha do Funchal,\u00a0 que disponibilizou tr\u00eas percursos, Trail Ultra, Trail Longo e Trail Curto que integram o Circuito Regional Trail Madeira 2019\/20 da AARAM. Este evento &hellip; <\/p>\n<p><a class=\"more-link btn\" href=\"http:\/\/trail.camadeira.com\/?p=2409\">Continue a ler<\/a><\/p>\n","protected":false},"author":1,"featured_media":0,"comment_status":"closed","ping_status":"closed","sticky":false,"template":"","format":"standard","meta":[],"categories":[1],"tags":[],"_links":{"self":[{"href":"http:\/\/trail.camadeira.com\/index.php?rest_route=\/wp\/v2\/posts\/2409"}],"collection":[{"href":"http:\/\/trail.camadeira.com\/index.php?rest_route=\/wp\/v2\/posts"}],"about":[{"href":"http:\/\/trail.camadeira.com\/index.php?rest_route=\/wp\/v2\/types\/post"}],"author":[{"embeddable":true,"href":"http:\/\/trail.camadeira.com\/index.php?rest_route=\/wp\/v2\/users\/1"}],"replies":[{"embeddable":true,"href":"http:\/\/trail.camadeira.com\/index.php?rest_route=%2Fwp%2Fv2%2Fcomments&post=2409"}],"version-history":[{"count":8,"href":"http:\/\/trail.camadeira.com\/index.php?rest_route=\/wp\/v2\/posts\/2409\/revisions"}],"predecessor-version":[{"id":2419,"href":"http:\/\/trail.camadeira.com\/index.php?rest_route=\/wp\/v2\/posts\/2409\/revisions\/2419"}],"wp:attachment":[{"href":"http:\/\/trail.camadeira.com\/index.php?rest_route=%2Fwp%2Fv2%2Fmedia&parent=2409"}],"wp:term":[{"taxonomy":"category","embeddable":true,"href":"http:\/\/trail.camadeira.com\/index.php?rest_route=%2Fwp%2Fv2%2Fcategories&post=2409"},{"taxonomy":"post_tag","embeddable":true,"href":"http:\/\/trail.camadeira.com\/index.php?rest_route=%2Fwp%2Fv2%2Ftags&post=2409"}],"curies":[{"name":"wp","href":"https:\/\/api.w.org\/{rel}","templated":true}]}}