{"id":2398,"date":"2019-11-26T01:18:31","date_gmt":"2019-11-26T00:18:31","guid":{"rendered":"http:\/\/trail.camadeira.com\/?p=2398"},"modified":"2019-11-26T01:45:39","modified_gmt":"2019-11-26T00:45:39","slug":"filipe-ferreira-em-destaque-no-vii-trail-de-camara-de-lobos","status":"publish","type":"post","link":"http:\/\/trail.camadeira.com\/?p=2398","title":{"rendered":"Filipe Ferreira em destaque no VII Trail de C\u00e2mara de Lobos"},"content":{"rendered":"<p><strong>Filipe Ferreira venceu o escal\u00e3o S\u00e9nior e foi 5.\u00ba da classifica\u00e7\u00e3o geral masculina<\/strong><\/p>\n<p><a href=\"http:\/\/trail.camadeira.com\/wp-content\/uploads\/2019\/11\/filipe-ferreia-trail.jpg\"><img loading=\"lazy\" class=\"aligncenter size-full wp-image-2400\" src=\"http:\/\/trail.camadeira.com\/wp-content\/uploads\/2019\/11\/filipe-ferreia-trail.jpg\" alt=\"filipe ferreia trail\" width=\"960\" height=\"640\" srcset=\"http:\/\/trail.camadeira.com\/wp-content\/uploads\/2019\/11\/filipe-ferreia-trail.jpg 960w, http:\/\/trail.camadeira.com\/wp-content\/uploads\/2019\/11\/filipe-ferreia-trail-300x200.jpg 300w\" sizes=\"(max-width: 960px) 100vw, 960px\" \/><\/a><\/p>\n<p>Filipe Ferreira (Cr\u00e9ditos Fotografia Jo\u00e3o Ricardo Jardim Quintal)<\/p>\n<p>O alteta que representa o Clube Aventura da Madeira esteve muito regular, tendo feito cerca de meia prova na frente da corrida, e na segunda metade manteve sempre pr\u00f3ximo dos lugares do p\u00f3dio da geral. No final terminou num honroso 5 lugar e vencedor do escal\u00e3o S\u00e9nior.<\/p>\n<p><strong>Jos\u00e9 Ribeiro venceu o escal\u00e3o M50 no Trail Longo 22km<\/strong><\/p>\n<p>Na prova longa de 22km, Jos\u00e9 Ribeiro ficou na 24.\u00aa posi\u00e7\u00e3o da geral e venceu o seu escal\u00e3o, M50, com o tempo de\u00a0\u00a002:50:47.<\/p>\n<p><a href=\"http:\/\/trail.camadeira.com\/wp-content\/uploads\/2019\/11\/77218107_10221822148766842_4286863878123421696_o.jpg\"><img loading=\"lazy\" class=\"aligncenter size-full wp-image-2405\" src=\"http:\/\/trail.camadeira.com\/wp-content\/uploads\/2019\/11\/77218107_10221822148766842_4286863878123421696_o.jpg\" alt=\"77218107_10221822148766842_4286863878123421696_o\" width=\"1944\" height=\"1296\" srcset=\"http:\/\/trail.camadeira.com\/wp-content\/uploads\/2019\/11\/77218107_10221822148766842_4286863878123421696_o.jpg 1944w, http:\/\/trail.camadeira.com\/wp-content\/uploads\/2019\/11\/77218107_10221822148766842_4286863878123421696_o-300x200.jpg 300w, http:\/\/trail.camadeira.com\/wp-content\/uploads\/2019\/11\/77218107_10221822148766842_4286863878123421696_o-1024x683.jpg 1024w\" sizes=\"(max-width: 1944px) 100vw, 1944px\" \/><\/a><\/p>\n<p>A prova Curta de 12km contou com a participa\u00e7\u00e3o de Ricardo Matos, 19.\u00ba no escal\u00e3o M40 e Rosalina Gouveia classificada na 13.\u00ba posi\u00e7\u00e3o do escal\u00e3o F40.<\/p>\n<p><a href=\"http:\/\/trail.camadeira.com\/wp-content\/uploads\/2019\/11\/76638490_10221822399573112_2437137359133736960_o.jpg\"><img loading=\"lazy\" class=\"aligncenter size-full wp-image-2406\" src=\"http:\/\/trail.camadeira.com\/wp-content\/uploads\/2019\/11\/76638490_10221822399573112_2437137359133736960_o.jpg\" alt=\"76638490_10221822399573112_2437137359133736960_o\" width=\"960\" height=\"640\" srcset=\"http:\/\/trail.camadeira.com\/wp-content\/uploads\/2019\/11\/76638490_10221822399573112_2437137359133736960_o.jpg 960w, http:\/\/trail.camadeira.com\/wp-content\/uploads\/2019\/11\/76638490_10221822399573112_2437137359133736960_o-300x200.jpg 300w\" sizes=\"(max-width: 960px) 100vw, 960px\" \/><\/a><\/p>\n","protected":false},"excerpt":{"rendered":"<p>Filipe Ferreira venceu o escal\u00e3o S\u00e9nior e foi 5.\u00ba da classifica\u00e7\u00e3o geral masculina Filipe Ferreira (Cr\u00e9ditos Fotografia Jo\u00e3o Ricardo Jardim Quintal) O alteta que representa o Clube Aventura da Madeira esteve muito regular, tendo feito cerca de meia prova na frente da corrida, e na segunda metade manteve sempre pr\u00f3ximo dos lugares do p\u00f3dio da &hellip; <\/p>\n<p><a class=\"more-link btn\" href=\"http:\/\/trail.camadeira.com\/?p=2398\">Continue a ler<\/a><\/p>\n","protected":false},"author":1,"featured_media":0,"comment_status":"closed","ping_status":"closed","sticky":false,"template":"","format":"standard","meta":[],"categories":[1],"tags":[],"_links":{"self":[{"href":"http:\/\/trail.camadeira.com\/index.php?rest_route=\/wp\/v2\/posts\/2398"}],"collection":[{"href":"http:\/\/trail.camadeira.com\/index.php?rest_route=\/wp\/v2\/posts"}],"about":[{"href":"http:\/\/trail.camadeira.com\/index.php?rest_route=\/wp\/v2\/types\/post"}],"author":[{"embeddable":true,"href":"http:\/\/trail.camadeira.com\/index.php?rest_route=\/wp\/v2\/users\/1"}],"replies":[{"embeddable":true,"href":"http:\/\/trail.camadeira.com\/index.php?rest_route=%2Fwp%2Fv2%2Fcomments&post=2398"}],"version-history":[{"count":6,"href":"http:\/\/trail.camadeira.com\/index.php?rest_route=\/wp\/v2\/posts\/2398\/revisions"}],"predecessor-version":[{"id":2407,"href":"http:\/\/trail.camadeira.com\/index.php?rest_route=\/wp\/v2\/posts\/2398\/revisions\/2407"}],"wp:attachment":[{"href":"http:\/\/trail.camadeira.com\/index.php?rest_route=%2Fwp%2Fv2%2Fmedia&parent=2398"}],"wp:term":[{"taxonomy":"category","embeddable":true,"href":"http:\/\/trail.camadeira.com\/index.php?rest_route=%2Fwp%2Fv2%2Fcategories&post=2398"},{"taxonomy":"post_tag","embeddable":true,"href":"http:\/\/trail.camadeira.com\/index.php?rest_route=%2Fwp%2Fv2%2Ftags&post=2398"}],"curies":[{"name":"wp","href":"https:\/\/api.w.org\/{rel}","templated":true}]}}