{"id":2387,"date":"2019-11-10T23:11:09","date_gmt":"2019-11-10T22:11:09","guid":{"rendered":"http:\/\/trail.camadeira.com\/?p=2387"},"modified":"2019-11-10T23:11:09","modified_gmt":"2019-11-10T22:11:09","slug":"leonardo-diogo-foi-5-o-no-utral-trail-de-penacova","status":"publish","type":"post","link":"http:\/\/trail.camadeira.com\/?p=2387","title":{"rendered":"Leonardo Diogo foi 5.\u00ba no Utral Trail de Penacova"},"content":{"rendered":"<p>Leonardo Diogo conseguiu uma excelente participa\u00e7\u00e3o no Utra Trail de Penacova, uma prova com 42km e 2500m D+\u00a0 que decorreu hoje, 11 novembro. O atleta madeirense terminou na 5.\u00aa posi\u00e7\u00e3o da geral absoluta com o tempo de 5:15:05. No seu escal\u00e3o de idade, o M50, Leonardo obteve o segundo lugar no p\u00f3dio que corou mais uma excelente representa\u00e7\u00e3o da Madeira no Trail Running nacional!<\/p>\n<p><a href=\"http:\/\/trail.camadeira.com\/wp-content\/uploads\/2019\/11\/IMG_20191110_182424-1.jpg\"><img loading=\"lazy\" class=\"aligncenter size-full wp-image-2389\" src=\"http:\/\/trail.camadeira.com\/wp-content\/uploads\/2019\/11\/IMG_20191110_182424-1.jpg\" alt=\"IMG_20191110_182424 (1)\" width=\"1088\" height=\"1360\" srcset=\"http:\/\/trail.camadeira.com\/wp-content\/uploads\/2019\/11\/IMG_20191110_182424-1.jpg 1088w, http:\/\/trail.camadeira.com\/wp-content\/uploads\/2019\/11\/IMG_20191110_182424-1-240x300.jpg 240w, http:\/\/trail.camadeira.com\/wp-content\/uploads\/2019\/11\/IMG_20191110_182424-1-819x1024.jpg 819w\" sizes=\"(max-width: 1088px) 100vw, 1088px\" \/><\/a><\/p>\n<p>&nbsp;<\/p>\n<p><a href=\"http:\/\/trail.camadeira.com\/wp-content\/uploads\/2019\/11\/Leonardo.png\"><img loading=\"lazy\" class=\"aligncenter size-full wp-image-2388\" src=\"http:\/\/trail.camadeira.com\/wp-content\/uploads\/2019\/11\/Leonardo.png\" alt=\"Leonardo\" width=\"755\" height=\"399\" srcset=\"http:\/\/trail.camadeira.com\/wp-content\/uploads\/2019\/11\/Leonardo.png 755w, http:\/\/trail.camadeira.com\/wp-content\/uploads\/2019\/11\/Leonardo-300x159.png 300w\" sizes=\"(max-width: 755px) 100vw, 755px\" \/><\/a><\/p>\n","protected":false},"excerpt":{"rendered":"<p>Leonardo Diogo conseguiu uma excelente participa\u00e7\u00e3o no Utra Trail de Penacova, uma prova com 42km e 2500m D+\u00a0 que decorreu hoje, 11 novembro. O atleta madeirense terminou na 5.\u00aa posi\u00e7\u00e3o da geral absoluta com o tempo de 5:15:05. No seu escal\u00e3o de idade, o M50, Leonardo obteve o segundo lugar no p\u00f3dio que corou mais &hellip; <\/p>\n<p><a class=\"more-link btn\" href=\"http:\/\/trail.camadeira.com\/?p=2387\">Continue a ler<\/a><\/p>\n","protected":false},"author":1,"featured_media":0,"comment_status":"closed","ping_status":"closed","sticky":false,"template":"","format":"standard","meta":[],"categories":[1],"tags":[],"_links":{"self":[{"href":"http:\/\/trail.camadeira.com\/index.php?rest_route=\/wp\/v2\/posts\/2387"}],"collection":[{"href":"http:\/\/trail.camadeira.com\/index.php?rest_route=\/wp\/v2\/posts"}],"about":[{"href":"http:\/\/trail.camadeira.com\/index.php?rest_route=\/wp\/v2\/types\/post"}],"author":[{"embeddable":true,"href":"http:\/\/trail.camadeira.com\/index.php?rest_route=\/wp\/v2\/users\/1"}],"replies":[{"embeddable":true,"href":"http:\/\/trail.camadeira.com\/index.php?rest_route=%2Fwp%2Fv2%2Fcomments&post=2387"}],"version-history":[{"count":1,"href":"http:\/\/trail.camadeira.com\/index.php?rest_route=\/wp\/v2\/posts\/2387\/revisions"}],"predecessor-version":[{"id":2390,"href":"http:\/\/trail.camadeira.com\/index.php?rest_route=\/wp\/v2\/posts\/2387\/revisions\/2390"}],"wp:attachment":[{"href":"http:\/\/trail.camadeira.com\/index.php?rest_route=%2Fwp%2Fv2%2Fmedia&parent=2387"}],"wp:term":[{"taxonomy":"category","embeddable":true,"href":"http:\/\/trail.camadeira.com\/index.php?rest_route=%2Fwp%2Fv2%2Fcategories&post=2387"},{"taxonomy":"post_tag","embeddable":true,"href":"http:\/\/trail.camadeira.com\/index.php?rest_route=%2Fwp%2Fv2%2Ftags&post=2387"}],"curies":[{"name":"wp","href":"https:\/\/api.w.org\/{rel}","templated":true}]}}