{"id":2377,"date":"2019-10-28T23:28:45","date_gmt":"2019-10-28T22:28:45","guid":{"rendered":"http:\/\/trail.camadeira.com\/?p=2377"},"modified":"2019-10-28T23:33:35","modified_gmt":"2019-10-28T22:33:35","slug":"timoteo-sousa-andre-caires-e-jose-ribeiro-em-destaque-no-eco-trail-funchal-2019","status":"publish","type":"post","link":"http:\/\/trail.camadeira.com\/?p=2377","title":{"rendered":"Tim\u00f3teo Sousa, Andr\u00e9 Ca\u00edres e Jos\u00e9 Ribeiro em destaque no EcoTrail Funchal 2019"},"content":{"rendered":"<p>Atletas do Clube Aventura da Madeira com excelentes resultados na edi\u00e7\u00e3o 2019 do EcoTrail Funchal<\/p>\n<p>Tim\u00f3teo Sousa foi 2.\u00ba da classifica\u00e7\u00e3o geral masculina e primeiro no escal\u00e3o s\u00e9nior masculino da prova principal de 85km do Ecotrail Funchal que decorreu no passado S\u00e1bado. Nesta mesma dist\u00e2ncia Andr\u00e9 Ca\u00edres foi 9.\u00ba da geral e subiu ao p\u00f3dio no terceiro lugar no escal\u00e3o M40.<\/p>\n<p>Na prova de 45km Jos\u00e9 Ribeiro destacou-se vencendo o escal\u00e3o M50, enquanto Norberto Ribeiro foi 24.\u00ba da geral da prova de 30km, 12.\u00ba nos seniores masculinos. A prova mais curta de 16km teve em Sid\u00f3nio Cabral o seu representante, que concluiu em 48:50, e 7.\u00ba no escal\u00e3o M55.<\/p>\n<p><a href=\"http:\/\/trail.camadeira.com\/wp-content\/uploads\/2019\/10\/74266347_2193955340897601_5175421577201713152_n.jpg\"><img loading=\"lazy\" class=\"aligncenter size-full wp-image-2378\" src=\"http:\/\/trail.camadeira.com\/wp-content\/uploads\/2019\/10\/74266347_2193955340897601_5175421577201713152_n.jpg\" alt=\"74266347_2193955340897601_5175421577201713152_n\" width=\"540\" height=\"552\" srcset=\"http:\/\/trail.camadeira.com\/wp-content\/uploads\/2019\/10\/74266347_2193955340897601_5175421577201713152_n.jpg 540w, http:\/\/trail.camadeira.com\/wp-content\/uploads\/2019\/10\/74266347_2193955340897601_5175421577201713152_n-293x300.jpg 293w\" sizes=\"(max-width: 540px) 100vw, 540px\" \/><\/a><\/p>\n<p><a href=\"http:\/\/trail.camadeira.com\/wp-content\/uploads\/2019\/01\/49333506_10219096231220607_1782968364839206912_n.jpg\"><img loading=\"lazy\" class=\"aligncenter size-full wp-image-2326\" src=\"http:\/\/trail.camadeira.com\/wp-content\/uploads\/2019\/01\/49333506_10219096231220607_1782968364839206912_n.jpg\" alt=\"49333506_10219096231220607_1782968364839206912_n\" width=\"960\" height=\"640\" srcset=\"http:\/\/trail.camadeira.com\/wp-content\/uploads\/2019\/01\/49333506_10219096231220607_1782968364839206912_n.jpg 960w, http:\/\/trail.camadeira.com\/wp-content\/uploads\/2019\/01\/49333506_10219096231220607_1782968364839206912_n-300x200.jpg 300w\" sizes=\"(max-width: 960px) 100vw, 960px\" \/><\/a><a href=\"http:\/\/trail.camadeira.com\/wp-content\/uploads\/2019\/10\/73151304_1134975233358362_4814871605417082880_o.jpg\"><img loading=\"lazy\" class=\"aligncenter size-full wp-image-2381\" src=\"http:\/\/trail.camadeira.com\/wp-content\/uploads\/2019\/10\/73151304_1134975233358362_4814871605417082880_o.jpg\" alt=\"73151304_1134975233358362_4814871605417082880_o\" width=\"960\" height=\"639\" srcset=\"http:\/\/trail.camadeira.com\/wp-content\/uploads\/2019\/10\/73151304_1134975233358362_4814871605417082880_o.jpg 960w, http:\/\/trail.camadeira.com\/wp-content\/uploads\/2019\/10\/73151304_1134975233358362_4814871605417082880_o-300x200.jpg 300w\" sizes=\"(max-width: 960px) 100vw, 960px\" \/><\/a><a href=\"http:\/\/trail.camadeira.com\/wp-content\/uploads\/2019\/10\/75220643_1134946513361234_7337882124055216128_o.jpg\"><img loading=\"lazy\" class=\"aligncenter size-full wp-image-2380\" src=\"http:\/\/trail.camadeira.com\/wp-content\/uploads\/2019\/10\/75220643_1134946513361234_7337882124055216128_o.jpg\" alt=\"75220643_1134946513361234_7337882124055216128_o\" width=\"960\" height=\"639\" srcset=\"http:\/\/trail.camadeira.com\/wp-content\/uploads\/2019\/10\/75220643_1134946513361234_7337882124055216128_o.jpg 960w, http:\/\/trail.camadeira.com\/wp-content\/uploads\/2019\/10\/75220643_1134946513361234_7337882124055216128_o-300x200.jpg 300w\" sizes=\"(max-width: 960px) 100vw, 960px\" \/><\/a><a href=\"http:\/\/trail.camadeira.com\/wp-content\/uploads\/2019\/10\/75446517_1134943780028174_1269223364942102528_o.jpg\"><img loading=\"lazy\" class=\"aligncenter size-full wp-image-2379\" src=\"http:\/\/trail.camadeira.com\/wp-content\/uploads\/2019\/10\/75446517_1134943780028174_1269223364942102528_o.jpg\" alt=\"75446517_1134943780028174_1269223364942102528_o\" width=\"960\" height=\"639\" srcset=\"http:\/\/trail.camadeira.com\/wp-content\/uploads\/2019\/10\/75446517_1134943780028174_1269223364942102528_o.jpg 960w, http:\/\/trail.camadeira.com\/wp-content\/uploads\/2019\/10\/75446517_1134943780028174_1269223364942102528_o-300x200.jpg 300w\" sizes=\"(max-width: 960px) 100vw, 960px\" \/><\/a><\/p>\n<p><strong>85km<\/strong><\/p>\n<p>1.\u00ba SEN 2\u00ba 1\u00ba 30 Tim\u00f3teo Sousa CLUBE AVENTURA DA MADEIRA SEN M Portugal 12:23:15 01:01:22<br \/>\n3.\u00ba M40\u00a0 9\u00ba 2\u00ba 31 Andr\u00e9 Caires CLUBE AVENTURA DA MADEIRA M40 Portugal 14:14:54 02:53:01<\/p>\n<p><strong>45km<\/strong><\/p>\n<p>1.\u00ba M50 9\u00ba 1\u00ba 178 Jose Ribeiro CLUBE AVENTURA DA MADEIRA M50 Portugal 06:33:25 01:21:18<\/p>\n<p><strong>30km<\/strong><\/p>\n<p>12.\u00ba SEN 24\u00ba 1\u00ba 376 Norberto Ribeiro CLUBE AVENTURA DA MADEIRA SEN M Portugal 03:59:07 00:54:07<\/p>\n<p><strong>16km<\/strong><\/p>\n<p>7.\u00ba M55 87\u00ba 1\u00ba 472 Sid\u00f3nio Cabral CLUBE AVENTURA DA MADEIRA M55 Portugal 01:54:51 00:48:50<\/p>\n","protected":false},"excerpt":{"rendered":"<p>Atletas do Clube Aventura da Madeira com excelentes resultados na edi\u00e7\u00e3o 2019 do EcoTrail Funchal Tim\u00f3teo Sousa foi 2.\u00ba da classifica\u00e7\u00e3o geral masculina e primeiro no escal\u00e3o s\u00e9nior masculino da prova principal de 85km do Ecotrail Funchal que decorreu no passado S\u00e1bado. Nesta mesma dist\u00e2ncia Andr\u00e9 Ca\u00edres foi 9.\u00ba da geral e subiu ao p\u00f3dio &hellip; <\/p>\n<p><a class=\"more-link btn\" href=\"http:\/\/trail.camadeira.com\/?p=2377\">Continue a ler<\/a><\/p>\n","protected":false},"author":1,"featured_media":0,"comment_status":"closed","ping_status":"closed","sticky":false,"template":"","format":"standard","meta":[],"categories":[1],"tags":[],"_links":{"self":[{"href":"http:\/\/trail.camadeira.com\/index.php?rest_route=\/wp\/v2\/posts\/2377"}],"collection":[{"href":"http:\/\/trail.camadeira.com\/index.php?rest_route=\/wp\/v2\/posts"}],"about":[{"href":"http:\/\/trail.camadeira.com\/index.php?rest_route=\/wp\/v2\/types\/post"}],"author":[{"embeddable":true,"href":"http:\/\/trail.camadeira.com\/index.php?rest_route=\/wp\/v2\/users\/1"}],"replies":[{"embeddable":true,"href":"http:\/\/trail.camadeira.com\/index.php?rest_route=%2Fwp%2Fv2%2Fcomments&post=2377"}],"version-history":[{"count":4,"href":"http:\/\/trail.camadeira.com\/index.php?rest_route=\/wp\/v2\/posts\/2377\/revisions"}],"predecessor-version":[{"id":2385,"href":"http:\/\/trail.camadeira.com\/index.php?rest_route=\/wp\/v2\/posts\/2377\/revisions\/2385"}],"wp:attachment":[{"href":"http:\/\/trail.camadeira.com\/index.php?rest_route=%2Fwp%2Fv2%2Fmedia&parent=2377"}],"wp:term":[{"taxonomy":"category","embeddable":true,"href":"http:\/\/trail.camadeira.com\/index.php?rest_route=%2Fwp%2Fv2%2Fcategories&post=2377"},{"taxonomy":"post_tag","embeddable":true,"href":"http:\/\/trail.camadeira.com\/index.php?rest_route=%2Fwp%2Fv2%2Ftags&post=2377"}],"curies":[{"name":"wp","href":"https:\/\/api.w.org\/{rel}","templated":true}]}}