{"id":2374,"date":"2019-10-23T20:42:09","date_gmt":"2019-10-23T19:42:09","guid":{"rendered":"http:\/\/trail.camadeira.com\/?p=2374"},"modified":"2019-10-23T20:42:24","modified_gmt":"2019-10-23T19:42:24","slug":"leonardo-diogo-foi-7-o-no-trail-de-abrantes","status":"publish","type":"post","link":"http:\/\/trail.camadeira.com\/?p=2374","title":{"rendered":"Leonardo Diogo foi 7.\u00ba no Trail de Abrantes"},"content":{"rendered":"<p>Numa prova de trail running com predomin\u00e2ncia de caminhos de terra batida, de f\u00e1cil corrida, Leonardo Diogo concluiu os 27km de extens\u00e3o e 700m de desn\u00edvel positivo em 02h06min, conseguindo a 7\u00aa posi\u00e7\u00e3o da geral e o 1\u00ba lugar nos veteranos 50. Mais um bom resultado e mais uma boa representa\u00e7\u00e3o da Madeira na competi\u00e7\u00e3o nacional, que decorreu em Abrantes, no passado s\u00e1bado, 19 de outubro.<\/p>\n<p><a href=\"http:\/\/trail.camadeira.com\/wp-content\/uploads\/2019\/10\/73152472_2366557293422163_2910300243843088384_n.jpg\"><img loading=\"lazy\" class=\"aligncenter size-full wp-image-2375\" src=\"http:\/\/trail.camadeira.com\/wp-content\/uploads\/2019\/10\/73152472_2366557293422163_2910300243843088384_n.jpg\" alt=\"73152472_2366557293422163_2910300243843088384_n\" width=\"720\" height=\"960\" srcset=\"http:\/\/trail.camadeira.com\/wp-content\/uploads\/2019\/10\/73152472_2366557293422163_2910300243843088384_n.jpg 720w, http:\/\/trail.camadeira.com\/wp-content\/uploads\/2019\/10\/73152472_2366557293422163_2910300243843088384_n-225x300.jpg 225w\" sizes=\"(max-width: 720px) 100vw, 720px\" \/><\/a><\/p>\n","protected":false},"excerpt":{"rendered":"<p>Numa prova de trail running com predomin\u00e2ncia de caminhos de terra batida, de f\u00e1cil corrida, Leonardo Diogo concluiu os 27km de extens\u00e3o e 700m de desn\u00edvel positivo em 02h06min, conseguindo a 7\u00aa posi\u00e7\u00e3o da geral e o 1\u00ba lugar nos veteranos 50. Mais um bom resultado e mais uma boa representa\u00e7\u00e3o da Madeira na competi\u00e7\u00e3o &hellip; <\/p>\n<p><a class=\"more-link btn\" href=\"http:\/\/trail.camadeira.com\/?p=2374\">Continue a ler<\/a><\/p>\n","protected":false},"author":1,"featured_media":0,"comment_status":"closed","ping_status":"closed","sticky":false,"template":"","format":"standard","meta":[],"categories":[1],"tags":[],"_links":{"self":[{"href":"http:\/\/trail.camadeira.com\/index.php?rest_route=\/wp\/v2\/posts\/2374"}],"collection":[{"href":"http:\/\/trail.camadeira.com\/index.php?rest_route=\/wp\/v2\/posts"}],"about":[{"href":"http:\/\/trail.camadeira.com\/index.php?rest_route=\/wp\/v2\/types\/post"}],"author":[{"embeddable":true,"href":"http:\/\/trail.camadeira.com\/index.php?rest_route=\/wp\/v2\/users\/1"}],"replies":[{"embeddable":true,"href":"http:\/\/trail.camadeira.com\/index.php?rest_route=%2Fwp%2Fv2%2Fcomments&post=2374"}],"version-history":[{"count":1,"href":"http:\/\/trail.camadeira.com\/index.php?rest_route=\/wp\/v2\/posts\/2374\/revisions"}],"predecessor-version":[{"id":2376,"href":"http:\/\/trail.camadeira.com\/index.php?rest_route=\/wp\/v2\/posts\/2374\/revisions\/2376"}],"wp:attachment":[{"href":"http:\/\/trail.camadeira.com\/index.php?rest_route=%2Fwp%2Fv2%2Fmedia&parent=2374"}],"wp:term":[{"taxonomy":"category","embeddable":true,"href":"http:\/\/trail.camadeira.com\/index.php?rest_route=%2Fwp%2Fv2%2Fcategories&post=2374"},{"taxonomy":"post_tag","embeddable":true,"href":"http:\/\/trail.camadeira.com\/index.php?rest_route=%2Fwp%2Fv2%2Ftags&post=2374"}],"curies":[{"name":"wp","href":"https:\/\/api.w.org\/{rel}","templated":true}]}}