{"id":2367,"date":"2019-10-09T00:17:05","date_gmt":"2019-10-08T23:17:05","guid":{"rendered":"http:\/\/trail.camadeira.com\/?p=2367"},"modified":"2019-10-09T00:23:00","modified_gmt":"2019-10-08T23:23:00","slug":"clube-aventura-da-madeira-bem-representado-na-3-a-edicao-da-ultra-madeira","status":"publish","type":"post","link":"http:\/\/trail.camadeira.com\/?p=2367","title":{"rendered":"Clube Aventura da Madeira bem representado na 3.\u00aa edi\u00e7\u00e3o da Ultra Madeira"},"content":{"rendered":"<p style=\"text-align: justify;\"><strong>Decorreu no passado s\u00e1bado, 5 de outubro,\u00a0a III edi\u00e7\u00e3o do Ultra Madeira<\/strong>,\u00a0cujo evento principal iniciou-se no Farol da Ponta do Pargo \u00e0s 2h00 da manh\u00e3 e acabou na Ba\u00eda de Machico, 83 km depois, \u00a0passando por locais emblem\u00e1ticos da Ilha da Madeira, como a Fonte do Bispo, Paul da Serra, Encumeada, Pico Ruivo, \u00a0Pico do Arieiro e Funduras.<\/p>\n<p style=\"text-align: justify;\">Seis atletas do Clube Aventura da Madeira aceitaram o desafio\u00a0da Associa\u00e7\u00e3o de Atletismo da Madeira e percorreram os 83 km com 3600 D+ e 3920 D- do percurso Ultra, conseguindo\u00a0superar as dificuldades\u00a0 e cruzar a Meta em\u00a0Machico.<\/p>\n<p style=\"text-align: justify;\">Nas senhoras, N\u00e1dia Meroni acabou na 8\u00aa posi\u00e7\u00e3o da geral e venceu o escal\u00e3o V45 com o tempo de 16h05m15s, Rosalina Gouveia foi 19\u00aa \u00e0 geral e 3\u00ba do escal\u00e3o V35 terminando com o tempo de 23h39m 37s.<\/p>\n<p style=\"text-align: justify;\">Na competi\u00e7\u00e3o masculina, Lu\u00eds Rodrigues foi o mais r\u00e1pido entre os atletas do clube, terminando com\u00a013:36:03,\u00a0\u00a029.\u00aa posi\u00e7\u00e3o \u00e0 geral,\u00a09.\u00ba no escal\u00e3o V35. Jo\u00e3o Mendon\u00e7a\u00a0foi 54\u00ba \u00e0 geral e 8\u00ba do escal\u00e3o V45 com 15h13m46s. Filipe Mota foi 82\u00ba \u00e0 geral e 27\u00ba do escal\u00e3o V40 com o tempo de 19h04m25s. Em 88\u00ba da geral chegou Edson Pereira, que foi 19\u00ba do escal\u00e3o V35 com o tempo de 23h39m38s.<\/p>\n<p style=\"text-align: justify;\">Na prova de<strong> 30KM<\/strong> mais um excelente resultado de Jos\u00e9 Ribeiro que venceu o escal\u00e3o V50 e foi 16\u00ba \u00e0 geral, com o tempo de 3h13m40s.<\/p>\n<p style=\"text-align: justify;\">Na prova de 17KM, Sid\u00f3nio Cabral foi 59\u00ba \u00e0 geral e 4\u00ba do escal\u00e3o V55, com 2h02m26s.<\/p>\n<p style=\"text-align: justify;\"><a href=\"http:\/\/trail.camadeira.com\/wp-content\/uploads\/2019\/10\/72195254_10157832905110663_2707908521428516864_n.jpg\"><img loading=\"lazy\" class=\"aligncenter size-full wp-image-2371\" src=\"http:\/\/trail.camadeira.com\/wp-content\/uploads\/2019\/10\/72195254_10157832905110663_2707908521428516864_n.jpg\" alt=\"72195254_10157832905110663_2707908521428516864_n\" width=\"638\" height=\"503\" srcset=\"http:\/\/trail.camadeira.com\/wp-content\/uploads\/2019\/10\/72195254_10157832905110663_2707908521428516864_n.jpg 638w, http:\/\/trail.camadeira.com\/wp-content\/uploads\/2019\/10\/72195254_10157832905110663_2707908521428516864_n-300x237.jpg 300w\" sizes=\"(max-width: 638px) 100vw, 638px\" \/><\/a><\/p>\n<p style=\"text-align: justify;\"><a href=\"http:\/\/trail.camadeira.com\/wp-content\/uploads\/2019\/10\/71594515_10156543966263144_4948152987596881920_n.jpg\"><img loading=\"lazy\" class=\"aligncenter size-full wp-image-2368\" src=\"http:\/\/trail.camadeira.com\/wp-content\/uploads\/2019\/10\/71594515_10156543966263144_4948152987596881920_n.jpg\" alt=\"71594515_10156543966263144_4948152987596881920_n\" width=\"640\" height=\"960\" srcset=\"http:\/\/trail.camadeira.com\/wp-content\/uploads\/2019\/10\/71594515_10156543966263144_4948152987596881920_n.jpg 640w, http:\/\/trail.camadeira.com\/wp-content\/uploads\/2019\/10\/71594515_10156543966263144_4948152987596881920_n-200x300.jpg 200w\" sizes=\"(max-width: 640px) 100vw, 640px\" \/><\/a> <a href=\"http:\/\/trail.camadeira.com\/wp-content\/uploads\/2019\/10\/69347374_10221329224204036_1789379827594166272_n.jpg\"><img loading=\"lazy\" class=\"aligncenter size-full wp-image-2369\" src=\"http:\/\/trail.camadeira.com\/wp-content\/uploads\/2019\/10\/69347374_10221329224204036_1789379827594166272_n.jpg\" alt=\"69347374_10221329224204036_1789379827594166272_n\" width=\"960\" height=\"640\" srcset=\"http:\/\/trail.camadeira.com\/wp-content\/uploads\/2019\/10\/69347374_10221329224204036_1789379827594166272_n.jpg 960w, http:\/\/trail.camadeira.com\/wp-content\/uploads\/2019\/10\/69347374_10221329224204036_1789379827594166272_n-300x200.jpg 300w\" sizes=\"(max-width: 960px) 100vw, 960px\" \/><\/a><\/p>\n","protected":false},"excerpt":{"rendered":"<p>Decorreu no passado s\u00e1bado, 5 de outubro,\u00a0a III edi\u00e7\u00e3o do Ultra Madeira,\u00a0cujo evento principal iniciou-se no Farol da Ponta do Pargo \u00e0s 2h00 da manh\u00e3 e acabou na Ba\u00eda de Machico, 83 km depois, \u00a0passando por locais emblem\u00e1ticos da Ilha da Madeira, como a Fonte do Bispo, Paul da Serra, Encumeada, Pico Ruivo, \u00a0Pico do &hellip; <\/p>\n<p><a class=\"more-link btn\" href=\"http:\/\/trail.camadeira.com\/?p=2367\">Continue a ler<\/a><\/p>\n","protected":false},"author":1,"featured_media":0,"comment_status":"closed","ping_status":"closed","sticky":false,"template":"","format":"standard","meta":[],"categories":[1],"tags":[],"_links":{"self":[{"href":"http:\/\/trail.camadeira.com\/index.php?rest_route=\/wp\/v2\/posts\/2367"}],"collection":[{"href":"http:\/\/trail.camadeira.com\/index.php?rest_route=\/wp\/v2\/posts"}],"about":[{"href":"http:\/\/trail.camadeira.com\/index.php?rest_route=\/wp\/v2\/types\/post"}],"author":[{"embeddable":true,"href":"http:\/\/trail.camadeira.com\/index.php?rest_route=\/wp\/v2\/users\/1"}],"replies":[{"embeddable":true,"href":"http:\/\/trail.camadeira.com\/index.php?rest_route=%2Fwp%2Fv2%2Fcomments&post=2367"}],"version-history":[{"count":2,"href":"http:\/\/trail.camadeira.com\/index.php?rest_route=\/wp\/v2\/posts\/2367\/revisions"}],"predecessor-version":[{"id":2372,"href":"http:\/\/trail.camadeira.com\/index.php?rest_route=\/wp\/v2\/posts\/2367\/revisions\/2372"}],"wp:attachment":[{"href":"http:\/\/trail.camadeira.com\/index.php?rest_route=%2Fwp%2Fv2%2Fmedia&parent=2367"}],"wp:term":[{"taxonomy":"category","embeddable":true,"href":"http:\/\/trail.camadeira.com\/index.php?rest_route=%2Fwp%2Fv2%2Fcategories&post=2367"},{"taxonomy":"post_tag","embeddable":true,"href":"http:\/\/trail.camadeira.com\/index.php?rest_route=%2Fwp%2Fv2%2Ftags&post=2367"}],"curies":[{"name":"wp","href":"https:\/\/api.w.org\/{rel}","templated":true}]}}