{"id":2361,"date":"2019-09-01T13:30:09","date_gmt":"2019-09-01T12:30:09","guid":{"rendered":"http:\/\/trail.camadeira.com\/?p=2361"},"modified":"2019-09-01T13:30:12","modified_gmt":"2019-09-01T12:30:12","slug":"leonardo-diogo-concluiu-a-edicao-2019-do-utmb","status":"publish","type":"post","link":"http:\/\/trail.camadeira.com\/?p=2361","title":{"rendered":"Leonardo Diogo concluiu a edi\u00e7\u00e3o 2019 do UTMB!"},"content":{"rendered":"<p>Leonardo Diogo venceu um enorme desafio de supera\u00e7\u00e3o na edi\u00e7\u00e3o 2019 do UTMB!<\/p>\n<p>Sempre empenhado na obten\u00e7\u00e3o de resultados, e apesar de muitos contratempos f\u00edsicos na prepara\u00e7\u00e3o para este importante\u00a0 evento, Leonardo Diogo n\u00e3o faltou \u00e0 partida de uma competi\u00e7\u00e3o com 171Km e 10300 metros de desn\u00edvel positivo, por si, um importante desafio de supera\u00e7\u00e3o f\u00edsica e psicol\u00f3gica!<\/p>\n<p>Leonardo Diogo superou os 171km em 30 horas, 46 minutos, 42 segundos,\u00a0e com certeza com muito por contar! Terminou a sua prova na 135.\u00aa posi\u00e7\u00e3o da classifica\u00e7\u00e3o absoluta entre os 2534 atletas que partiram, com cerca de mil desist\u00eancias registadas. Na competi\u00e7\u00e3o por idade, Leonardo classificou-se na\u00a0 9.\u00aa posi\u00e7\u00e3o no escal\u00e3o V2. Parab\u00e9ns Leonardo, as corridas na montanha continuam!<\/p>\n<p><a href=\"http:\/\/trail.camadeira.com\/wp-content\/uploads\/2019\/09\/diogo.png\"><img loading=\"lazy\" class=\"aligncenter size-full wp-image-2363\" src=\"http:\/\/trail.camadeira.com\/wp-content\/uploads\/2019\/09\/diogo.png\" alt=\"diogo\" width=\"1366\" height=\"768\" srcset=\"http:\/\/trail.camadeira.com\/wp-content\/uploads\/2019\/09\/diogo.png 1366w, http:\/\/trail.camadeira.com\/wp-content\/uploads\/2019\/09\/diogo-300x169.png 300w, http:\/\/trail.camadeira.com\/wp-content\/uploads\/2019\/09\/diogo-1024x576.png 1024w\" sizes=\"(max-width: 1366px) 100vw, 1366px\" \/><\/a><\/p>\n<p><a href=\"http:\/\/trail.camadeira.com\/wp-content\/uploads\/2019\/09\/resultado.png\"><img loading=\"lazy\" class=\"aligncenter size-full wp-image-2362\" src=\"http:\/\/trail.camadeira.com\/wp-content\/uploads\/2019\/09\/resultado.png\" alt=\"resultado\" width=\"962\" height=\"473\" srcset=\"http:\/\/trail.camadeira.com\/wp-content\/uploads\/2019\/09\/resultado.png 962w, http:\/\/trail.camadeira.com\/wp-content\/uploads\/2019\/09\/resultado-300x148.png 300w\" sizes=\"(max-width: 962px) 100vw, 962px\" \/><\/a><\/p>\n","protected":false},"excerpt":{"rendered":"<p>Leonardo Diogo venceu um enorme desafio de supera\u00e7\u00e3o na edi\u00e7\u00e3o 2019 do UTMB! Sempre empenhado na obten\u00e7\u00e3o de resultados, e apesar de muitos contratempos f\u00edsicos na prepara\u00e7\u00e3o para este importante\u00a0 evento, Leonardo Diogo n\u00e3o faltou \u00e0 partida de uma competi\u00e7\u00e3o com 171Km e 10300 metros de desn\u00edvel positivo, por si, um importante desafio de supera\u00e7\u00e3o &hellip; <\/p>\n<p><a class=\"more-link btn\" href=\"http:\/\/trail.camadeira.com\/?p=2361\">Continue a ler<\/a><\/p>\n","protected":false},"author":1,"featured_media":0,"comment_status":"closed","ping_status":"closed","sticky":false,"template":"","format":"standard","meta":[],"categories":[1],"tags":[],"_links":{"self":[{"href":"http:\/\/trail.camadeira.com\/index.php?rest_route=\/wp\/v2\/posts\/2361"}],"collection":[{"href":"http:\/\/trail.camadeira.com\/index.php?rest_route=\/wp\/v2\/posts"}],"about":[{"href":"http:\/\/trail.camadeira.com\/index.php?rest_route=\/wp\/v2\/types\/post"}],"author":[{"embeddable":true,"href":"http:\/\/trail.camadeira.com\/index.php?rest_route=\/wp\/v2\/users\/1"}],"replies":[{"embeddable":true,"href":"http:\/\/trail.camadeira.com\/index.php?rest_route=%2Fwp%2Fv2%2Fcomments&post=2361"}],"version-history":[{"count":1,"href":"http:\/\/trail.camadeira.com\/index.php?rest_route=\/wp\/v2\/posts\/2361\/revisions"}],"predecessor-version":[{"id":2365,"href":"http:\/\/trail.camadeira.com\/index.php?rest_route=\/wp\/v2\/posts\/2361\/revisions\/2365"}],"wp:attachment":[{"href":"http:\/\/trail.camadeira.com\/index.php?rest_route=%2Fwp%2Fv2%2Fmedia&parent=2361"}],"wp:term":[{"taxonomy":"category","embeddable":true,"href":"http:\/\/trail.camadeira.com\/index.php?rest_route=%2Fwp%2Fv2%2Fcategories&post=2361"},{"taxonomy":"post_tag","embeddable":true,"href":"http:\/\/trail.camadeira.com\/index.php?rest_route=%2Fwp%2Fv2%2Ftags&post=2361"}],"curies":[{"name":"wp","href":"https:\/\/api.w.org\/{rel}","templated":true}]}}