{"id":2330,"date":"2019-04-26T23:37:37","date_gmt":"2019-04-26T22:37:37","guid":{"rendered":"http:\/\/trail.camadeira.com\/?p=2330"},"modified":"2019-04-27T21:55:58","modified_gmt":"2019-04-27T20:55:58","slug":"11-a-edicao-do-madeira-island-ultra-trail-conta-com-11-atletas-do-clube-aventura-da-madeira","status":"publish","type":"post","link":"http:\/\/trail.camadeira.com\/?p=2330","title":{"rendered":"11.\u00aa Edi\u00e7\u00e3o do Madeira Island Ultra Trail conta com 12 atletas do Clube Aventura da Madeira"},"content":{"rendered":"<p>A 11.\u00aa Edi\u00e7\u00e3o do Madeira Island Ultra Trail cont\u00e1 com 12 atletas que representam o Clube Aventura da Madeira. Na prova principal, com 115km e cerca de 7000m de desn\u00edvel positivo que inicia-se \u00e0s 00:00 deste s\u00e1bado, no Porto Moniz, Leonardo Diogo, Tim\u00f3teo Sousa, Andr\u00e9 Ca\u00edres, Nadia Meroni e Lu\u00eds Rodrigues enfrentam este enorme desafio!<\/p>\n<p>Amanh\u00e3 pela manh\u00e3 entram a\u00e7\u00e3o na prova Mini, com partida no Porto da Cruz, Daniel Pereira, Ricardo Matos, Sid\u00f3nio Cabral e Filipe Ferreira. Logo a seguir, pelas 11h15 parte a prova Marathon, do Monte, Funchal com Jo\u00e3o Mendon\u00e7a, Jos\u00e9 Ribeiro e Jos\u00e9 Dario Abreu a representarem o Clube Aventura da Madeira.<\/p>\n<p>Para seguir os atletas e resultados:\u00a0https:\/\/timing.miutmadeira.com\/index.html#\/event\/80\/summary<\/p>\n<p>Mais informa\u00e7\u00f5es sobre evento: https:\/\/www.miutmadeira.com\/pt\/<\/p>\n<p>34 &#8211; &#8211; DIOGO, LEONARDO POR V50 M<br \/>\n189 &#8211; &#8211; SOUSA, TIM\u00d3TEO POR SEN M<br \/>\n218 &#8211; &#8211; CAIRES, ANDR\u00c9 POR V40 M<br \/>\n356 &#8211; &#8211; RODRIGUES, LU\u00cdS POR V40 M<\/p>\n<p>777 &#8211; &#8211; MERONI, N\u00c1DIA POR V45 F<br \/>\n3049 &#8211; &#8211; MENDON\u00c7A, JO\u00c3O POR V45 M<br \/>\n3507 &#8211; &#8211; DARIO, JOS\u00c9 POR V50 M<br \/>\n3640 &#8211; &#8211; RIBEIRO, JOSE POR V50 M<\/p>\n<p>4076 &#8211; &#8211; PEREIRA, DANIEL POR V40 M<br \/>\n4177 &#8211; &#8211; MATOS, RICARDO POR V40 M<br \/>\n4392 &#8211; &#8211; CABRAL, SIDONIO POR V55 M<br \/>\n4420 &#8211; &#8211; FERREIRA, FILIPE POR SEN M<\/p>\n<p><a href=\"http:\/\/trail.camadeira.com\/wp-content\/uploads\/2018\/04\/P1070927.jpg\"><img loading=\"lazy\" class=\"aligncenter size-full wp-image-2236\" src=\"http:\/\/trail.camadeira.com\/wp-content\/uploads\/2018\/04\/P1070927.jpg\" alt=\"P1070927\" width=\"1024\" height=\"752\" srcset=\"http:\/\/trail.camadeira.com\/wp-content\/uploads\/2018\/04\/P1070927.jpg 1024w, http:\/\/trail.camadeira.com\/wp-content\/uploads\/2018\/04\/P1070927-300x220.jpg 300w\" sizes=\"(max-width: 1024px) 100vw, 1024px\" \/><\/a><\/p>\n<p>&nbsp;<\/p>\n","protected":false},"excerpt":{"rendered":"<p>A 11.\u00aa Edi\u00e7\u00e3o do Madeira Island Ultra Trail cont\u00e1 com 12 atletas que representam o Clube Aventura da Madeira. Na prova principal, com 115km e cerca de 7000m de desn\u00edvel positivo que inicia-se \u00e0s 00:00 deste s\u00e1bado, no Porto Moniz, Leonardo Diogo, Tim\u00f3teo Sousa, Andr\u00e9 Ca\u00edres, Nadia Meroni e Lu\u00eds Rodrigues enfrentam este enorme desafio! &hellip; <\/p>\n<p><a class=\"more-link btn\" href=\"http:\/\/trail.camadeira.com\/?p=2330\">Continue a ler<\/a><\/p>\n","protected":false},"author":1,"featured_media":0,"comment_status":"closed","ping_status":"closed","sticky":false,"template":"","format":"standard","meta":[],"categories":[1],"tags":[],"_links":{"self":[{"href":"http:\/\/trail.camadeira.com\/index.php?rest_route=\/wp\/v2\/posts\/2330"}],"collection":[{"href":"http:\/\/trail.camadeira.com\/index.php?rest_route=\/wp\/v2\/posts"}],"about":[{"href":"http:\/\/trail.camadeira.com\/index.php?rest_route=\/wp\/v2\/types\/post"}],"author":[{"embeddable":true,"href":"http:\/\/trail.camadeira.com\/index.php?rest_route=\/wp\/v2\/users\/1"}],"replies":[{"embeddable":true,"href":"http:\/\/trail.camadeira.com\/index.php?rest_route=%2Fwp%2Fv2%2Fcomments&post=2330"}],"version-history":[{"count":3,"href":"http:\/\/trail.camadeira.com\/index.php?rest_route=\/wp\/v2\/posts\/2330\/revisions"}],"predecessor-version":[{"id":2333,"href":"http:\/\/trail.camadeira.com\/index.php?rest_route=\/wp\/v2\/posts\/2330\/revisions\/2333"}],"wp:attachment":[{"href":"http:\/\/trail.camadeira.com\/index.php?rest_route=%2Fwp%2Fv2%2Fmedia&parent=2330"}],"wp:term":[{"taxonomy":"category","embeddable":true,"href":"http:\/\/trail.camadeira.com\/index.php?rest_route=%2Fwp%2Fv2%2Fcategories&post=2330"},{"taxonomy":"post_tag","embeddable":true,"href":"http:\/\/trail.camadeira.com\/index.php?rest_route=%2Fwp%2Fv2%2Ftags&post=2330"}],"curies":[{"name":"wp","href":"https:\/\/api.w.org\/{rel}","templated":true}]}}