{"id":2322,"date":"2019-01-18T03:50:50","date_gmt":"2019-01-18T02:50:50","guid":{"rendered":"http:\/\/trail.camadeira.com\/?p=2322"},"modified":"2019-01-18T03:53:06","modified_gmt":"2019-01-18T02:53:06","slug":"clube-aventura-da-madeira-representando-no-trail-da-boaventura","status":"publish","type":"post","link":"http:\/\/trail.camadeira.com\/?p=2322","title":{"rendered":"Clube Aventura da Madeira representando no Trail da Boaventura"},"content":{"rendered":"<p><strong>Tim\u00f3teo Sousa, Andr\u00e9 Ca\u00edres e Jos\u00e9 Ribeiro em destaque no IV Trail da Boaventura<\/strong><\/p>\n<p style=\"text-align: justify;\">O Clube Aventura da Madeira esteve muito bem representado no IV Trail da Boaventura que decorreu no passado dia 13 de Janeiro, com a participa\u00e7\u00e3o de sete atletas.<\/p>\n<p style=\"text-align: justify;\">Com dist\u00e2ncias de 25km e 10km e desn\u00edveis acentuados, ambas as provas constituiram desafios de supera\u00e7\u00e3o para o cerca de 500 participantes no evento.<\/p>\n<p style=\"text-align: justify;\">Tim\u00f3teo Sousa destacou-se entre os representantes do Clube Aventura da Madeira na prova principal de 25km, terminando na\u00a0 21.\u00ba geral, 5.\u00ba VM35, seguiu-se Andr\u00e9\u00a0Caires na 23.\u00ba geral e\u00a0 6 VM35\u00a0 e\u00a0 Jos\u00e9 Ribeiro 41.\u00ba geral e um excelente 3.\u00ba no p\u00f3dio do escal\u00e3o MV50.<\/p>\n<p style=\"text-align: justify;\">Na dist\u00e2ncia 25km participou ainda Filipe Ramos que acabou por n\u00e3o concluir a prova.<\/p>\n<p style=\"text-align: justify;\">A dist\u00e2ncia de 10km contou com tr\u00eas atletas, Ricardo Matos 92 .\u00ba geral e 25.\u00ba V40, Dario Abreu 102.\u00ba geral\u00a0 e 10.\u00ba VM50 e Daniel Pereira 151.\u00ba geral 33.\u00ba VM40<\/p>\n<p style=\"text-align: justify;\"><a href=\"http:\/\/trail.camadeira.com\/wp-content\/uploads\/2019\/01\/50286144_1177236172440873_8826620799344443392_n.jpg\"><img loading=\"lazy\" class=\"aligncenter size-full wp-image-2324\" src=\"http:\/\/trail.camadeira.com\/wp-content\/uploads\/2019\/01\/50286144_1177236172440873_8826620799344443392_n.jpg\" alt=\"50286144_1177236172440873_8826620799344443392_n\" width=\"960\" height=\"640\" srcset=\"http:\/\/trail.camadeira.com\/wp-content\/uploads\/2019\/01\/50286144_1177236172440873_8826620799344443392_n.jpg 960w, http:\/\/trail.camadeira.com\/wp-content\/uploads\/2019\/01\/50286144_1177236172440873_8826620799344443392_n-300x200.jpg 300w\" sizes=\"(max-width: 960px) 100vw, 960px\" \/><\/a><\/p>\n<p style=\"text-align: justify;\"><a href=\"http:\/\/trail.camadeira.com\/wp-content\/uploads\/2019\/01\/49333506_10219096231220607_1782968364839206912_n.jpg\"><img loading=\"lazy\" class=\"aligncenter size-full wp-image-2326\" src=\"http:\/\/trail.camadeira.com\/wp-content\/uploads\/2019\/01\/49333506_10219096231220607_1782968364839206912_n.jpg\" alt=\"49333506_10219096231220607_1782968364839206912_n\" width=\"960\" height=\"640\" srcset=\"http:\/\/trail.camadeira.com\/wp-content\/uploads\/2019\/01\/49333506_10219096231220607_1782968364839206912_n.jpg 960w, http:\/\/trail.camadeira.com\/wp-content\/uploads\/2019\/01\/49333506_10219096231220607_1782968364839206912_n-300x200.jpg 300w\" sizes=\"(max-width: 960px) 100vw, 960px\" \/><\/a><\/p>\n<p style=\"text-align: justify;\"><a href=\"http:\/\/trail.camadeira.com\/wp-content\/uploads\/2019\/01\/49844066_10219096275301709_2821699346314035200_n.jpg\"><img loading=\"lazy\" class=\"aligncenter size-full wp-image-2327\" src=\"http:\/\/trail.camadeira.com\/wp-content\/uploads\/2019\/01\/49844066_10219096275301709_2821699346314035200_n.jpg\" alt=\"49844066_10219096275301709_2821699346314035200_n\" width=\"960\" height=\"640\" srcset=\"http:\/\/trail.camadeira.com\/wp-content\/uploads\/2019\/01\/49844066_10219096275301709_2821699346314035200_n.jpg 960w, http:\/\/trail.camadeira.com\/wp-content\/uploads\/2019\/01\/49844066_10219096275301709_2821699346314035200_n-300x200.jpg 300w\" sizes=\"(max-width: 960px) 100vw, 960px\" \/><\/a><\/p>\n<p style=\"text-align: justify;\">\n","protected":false},"excerpt":{"rendered":"<p>Tim\u00f3teo Sousa, Andr\u00e9 Ca\u00edres e Jos\u00e9 Ribeiro em destaque no IV Trail da Boaventura O Clube Aventura da Madeira esteve muito bem representado no IV Trail da Boaventura que decorreu no passado dia 13 de Janeiro, com a participa\u00e7\u00e3o de sete atletas. Com dist\u00e2ncias de 25km e 10km e desn\u00edveis acentuados, ambas as provas constituiram &hellip; <\/p>\n<p><a class=\"more-link btn\" href=\"http:\/\/trail.camadeira.com\/?p=2322\">Continue a ler<\/a><\/p>\n","protected":false},"author":1,"featured_media":0,"comment_status":"closed","ping_status":"closed","sticky":false,"template":"","format":"standard","meta":[],"categories":[1],"tags":[],"_links":{"self":[{"href":"http:\/\/trail.camadeira.com\/index.php?rest_route=\/wp\/v2\/posts\/2322"}],"collection":[{"href":"http:\/\/trail.camadeira.com\/index.php?rest_route=\/wp\/v2\/posts"}],"about":[{"href":"http:\/\/trail.camadeira.com\/index.php?rest_route=\/wp\/v2\/types\/post"}],"author":[{"embeddable":true,"href":"http:\/\/trail.camadeira.com\/index.php?rest_route=\/wp\/v2\/users\/1"}],"replies":[{"embeddable":true,"href":"http:\/\/trail.camadeira.com\/index.php?rest_route=%2Fwp%2Fv2%2Fcomments&post=2322"}],"version-history":[{"count":3,"href":"http:\/\/trail.camadeira.com\/index.php?rest_route=\/wp\/v2\/posts\/2322\/revisions"}],"predecessor-version":[{"id":2328,"href":"http:\/\/trail.camadeira.com\/index.php?rest_route=\/wp\/v2\/posts\/2322\/revisions\/2328"}],"wp:attachment":[{"href":"http:\/\/trail.camadeira.com\/index.php?rest_route=%2Fwp%2Fv2%2Fmedia&parent=2322"}],"wp:term":[{"taxonomy":"category","embeddable":true,"href":"http:\/\/trail.camadeira.com\/index.php?rest_route=%2Fwp%2Fv2%2Fcategories&post=2322"},{"taxonomy":"post_tag","embeddable":true,"href":"http:\/\/trail.camadeira.com\/index.php?rest_route=%2Fwp%2Fv2%2Ftags&post=2322"}],"curies":[{"name":"wp","href":"https:\/\/api.w.org\/{rel}","templated":true}]}}