{"id":2300,"date":"2018-06-09T14:14:29","date_gmt":"2018-06-09T13:14:29","guid":{"rendered":"http:\/\/trail.camadeira.com\/?p=2300"},"modified":"2018-06-11T13:33:28","modified_gmt":"2018-06-11T12:33:28","slug":"resultados-v-trail-zona-militar-da-madeira-9-junho-2018","status":"publish","type":"post","link":"http:\/\/trail.camadeira.com\/?p=2300","title":{"rendered":"Resultados V Trail Zona Militar da Madeira &#8211; 9 Junho 2018"},"content":{"rendered":"<ul>\n<li><a href=\"http:\/\/trail.camadeira.com\/wp-content\/uploads\/2018\/06\/Resultados-Geral-G\u00e9nero-V-Trail-ZMM.html\">Resultados Geral G\u00e9nero V Trail ZMM<\/a><\/li>\n<li><a href=\"http:\/\/trail.camadeira.com\/wp-content\/uploads\/2018\/06\/Resultados-Escal\u00f5es-V-Trail-ZMM-2018.html\">Resultados Escal\u00f5es V Trail ZMM<\/a><\/li>\n<li><a href=\"http:\/\/trail.camadeira.com\/wp-content\/uploads\/2018\/06\/Resultados-Equipas-VTrail-ZMM.pdf\">Resultados Equipas VTrail ZMM<\/a><\/li>\n<\/ul>\n<p>Am\u00e9rico Caldeira e C\u00e1tia Fiqueli vencem a 5.\u00aa Edi\u00e7\u00e3o do Trail Zona Militar da Madeira, que decorreu esta manh\u00e3 nas serras de Santa Cruz.<\/p>\n<p>A n\u00edvel coletivo, o Clube de Atletismo do Funchal venceu em equipas masculinas e femininas.<\/p>\n<p><a href=\"http:\/\/trail.camadeira.com\/wp-content\/uploads\/2018\/06\/P1100814.jpg\"><img loading=\"lazy\" class=\"aligncenter size-full wp-image-2305\" src=\"http:\/\/trail.camadeira.com\/wp-content\/uploads\/2018\/06\/P1100814.jpg\" alt=\"P1100814\" width=\"1018\" height=\"812\" srcset=\"http:\/\/trail.camadeira.com\/wp-content\/uploads\/2018\/06\/P1100814.jpg 1018w, http:\/\/trail.camadeira.com\/wp-content\/uploads\/2018\/06\/P1100814-300x239.jpg 300w\" sizes=\"(max-width: 1018px) 100vw, 1018px\" \/><\/a> <a href=\"http:\/\/trail.camadeira.com\/wp-content\/uploads\/2018\/06\/P1100873.jpg\"><img loading=\"lazy\" class=\"aligncenter size-full wp-image-2306\" src=\"http:\/\/trail.camadeira.com\/wp-content\/uploads\/2018\/06\/P1100873.jpg\" alt=\"P1100873\" width=\"2321\" height=\"1505\" srcset=\"http:\/\/trail.camadeira.com\/wp-content\/uploads\/2018\/06\/P1100873.jpg 2321w, http:\/\/trail.camadeira.com\/wp-content\/uploads\/2018\/06\/P1100873-300x195.jpg 300w, http:\/\/trail.camadeira.com\/wp-content\/uploads\/2018\/06\/P1100873-1024x664.jpg 1024w\" sizes=\"(max-width: 2321px) 100vw, 2321px\" \/><\/a><\/p>\n<p>&nbsp;<\/p>\n<p>&nbsp;<\/p>\n","protected":false},"excerpt":{"rendered":"<p>Resultados Geral G\u00e9nero V Trail ZMM Resultados Escal\u00f5es V Trail ZMM Resultados Equipas VTrail ZMM Am\u00e9rico Caldeira e C\u00e1tia Fiqueli vencem a 5.\u00aa Edi\u00e7\u00e3o do Trail Zona Militar da Madeira, que decorreu esta manh\u00e3 nas serras de Santa Cruz. A n\u00edvel coletivo, o Clube de Atletismo do Funchal venceu em equipas masculinas e femininas. &nbsp; &hellip; <\/p>\n<p><a class=\"more-link btn\" href=\"http:\/\/trail.camadeira.com\/?p=2300\">Continue a ler<\/a><\/p>\n","protected":false},"author":1,"featured_media":0,"comment_status":"closed","ping_status":"closed","sticky":false,"template":"","format":"standard","meta":[],"categories":[1],"tags":[],"_links":{"self":[{"href":"http:\/\/trail.camadeira.com\/index.php?rest_route=\/wp\/v2\/posts\/2300"}],"collection":[{"href":"http:\/\/trail.camadeira.com\/index.php?rest_route=\/wp\/v2\/posts"}],"about":[{"href":"http:\/\/trail.camadeira.com\/index.php?rest_route=\/wp\/v2\/types\/post"}],"author":[{"embeddable":true,"href":"http:\/\/trail.camadeira.com\/index.php?rest_route=\/wp\/v2\/users\/1"}],"replies":[{"embeddable":true,"href":"http:\/\/trail.camadeira.com\/index.php?rest_route=%2Fwp%2Fv2%2Fcomments&post=2300"}],"version-history":[{"count":7,"href":"http:\/\/trail.camadeira.com\/index.php?rest_route=\/wp\/v2\/posts\/2300\/revisions"}],"predecessor-version":[{"id":2313,"href":"http:\/\/trail.camadeira.com\/index.php?rest_route=\/wp\/v2\/posts\/2300\/revisions\/2313"}],"wp:attachment":[{"href":"http:\/\/trail.camadeira.com\/index.php?rest_route=%2Fwp%2Fv2%2Fmedia&parent=2300"}],"wp:term":[{"taxonomy":"category","embeddable":true,"href":"http:\/\/trail.camadeira.com\/index.php?rest_route=%2Fwp%2Fv2%2Fcategories&post=2300"},{"taxonomy":"post_tag","embeddable":true,"href":"http:\/\/trail.camadeira.com\/index.php?rest_route=%2Fwp%2Fv2%2Ftags&post=2300"}],"curies":[{"name":"wp","href":"https:\/\/api.w.org\/{rel}","templated":true}]}}