{"id":2288,"date":"2018-06-06T22:16:48","date_gmt":"2018-06-06T21:16:48","guid":{"rendered":"http:\/\/trail.camadeira.com\/?p=2288"},"modified":"2018-06-08T23:41:03","modified_gmt":"2018-06-08T22:41:03","slug":"lista-de-inscritos-v-trail-zmm","status":"publish","type":"post","link":"http:\/\/trail.camadeira.com\/?p=2288","title":{"rendered":"Lista de Inscritos V Trail ZMM"},"content":{"rendered":"[notice]\n<p>Aten\u00e7\u00e3o &#8211; Verifique os dados da sua inscri\u00e7\u00e3o e contacte a organiza\u00e7\u00e3o para corre\u00e7\u00f5es!<\/p>\n<p>Nota: para efeito de\u00a0resultado de equipas, s\u00f3 ser\u00e3o contabilizados atletas pertencentes a equipas com designa\u00e7\u00e3o exactamente igual!<\/p>\n[\/notice]\n<ul>\n<li><a href=\"http:\/\/trail.camadeira.com\/wp-content\/uploads\/2018\/06\/Lista-de-Inscritos-V-Trail-ZMM-FINAL1.html\">Lista de Inscritos V Trail ZMM &#8211; FINAL<\/a><\/li>\n<\/ul>\n","protected":false},"excerpt":{"rendered":"<p>[notice] Aten\u00e7\u00e3o &#8211; Verifique os dados da sua inscri\u00e7\u00e3o e contacte a organiza\u00e7\u00e3o para corre\u00e7\u00f5es! Nota: para efeito de\u00a0resultado de equipas, s\u00f3 ser\u00e3o contabilizados atletas pertencentes a equipas com designa\u00e7\u00e3o exactamente igual! [\/notice] Lista de Inscritos V Trail ZMM &#8211; FINAL<\/p>\n","protected":false},"author":1,"featured_media":0,"comment_status":"closed","ping_status":"closed","sticky":false,"template":"","format":"standard","meta":[],"categories":[1],"tags":[],"_links":{"self":[{"href":"http:\/\/trail.camadeira.com\/index.php?rest_route=\/wp\/v2\/posts\/2288"}],"collection":[{"href":"http:\/\/trail.camadeira.com\/index.php?rest_route=\/wp\/v2\/posts"}],"about":[{"href":"http:\/\/trail.camadeira.com\/index.php?rest_route=\/wp\/v2\/types\/post"}],"author":[{"embeddable":true,"href":"http:\/\/trail.camadeira.com\/index.php?rest_route=\/wp\/v2\/users\/1"}],"replies":[{"embeddable":true,"href":"http:\/\/trail.camadeira.com\/index.php?rest_route=%2Fwp%2Fv2%2Fcomments&post=2288"}],"version-history":[{"count":8,"href":"http:\/\/trail.camadeira.com\/index.php?rest_route=\/wp\/v2\/posts\/2288\/revisions"}],"predecessor-version":[{"id":2299,"href":"http:\/\/trail.camadeira.com\/index.php?rest_route=\/wp\/v2\/posts\/2288\/revisions\/2299"}],"wp:attachment":[{"href":"http:\/\/trail.camadeira.com\/index.php?rest_route=%2Fwp%2Fv2%2Fmedia&parent=2288"}],"wp:term":[{"taxonomy":"category","embeddable":true,"href":"http:\/\/trail.camadeira.com\/index.php?rest_route=%2Fwp%2Fv2%2Fcategories&post=2288"},{"taxonomy":"post_tag","embeddable":true,"href":"http:\/\/trail.camadeira.com\/index.php?rest_route=%2Fwp%2Fv2%2Ftags&post=2288"}],"curies":[{"name":"wp","href":"https:\/\/api.w.org\/{rel}","templated":true}]}}