{"id":227,"date":"2010-07-04T19:06:17","date_gmt":"2010-07-04T18:06:17","guid":{"rendered":"http:\/\/trail.camadeira.com\/?p=227"},"modified":"2010-07-16T03:11:14","modified_gmt":"2010-07-16T02:11:14","slug":"pedro-alves-conclui-o-dificil-trail-da-serra-da-freita","status":"publish","type":"post","link":"http:\/\/trail.camadeira.com\/?p=227","title":{"rendered":"Pedro Alves conclui o dif\u00edcil trail da Serra da Freita"},"content":{"rendered":"<p><a href=\"http:\/\/trail.camadeira.com\/wp-content\/uploads\/2010\/03\/trans-grancanaria-mar\u00e7o-2010-922.jpg\"><img loading=\"lazy\" class=\"alignleft size-medium wp-image-183\" title=\"trans grancanaria mar\u00e7o 2010 (92)2\" src=\"http:\/\/trail.camadeira.com\/wp-content\/uploads\/2010\/03\/trans-grancanaria-mar\u00e7o-2010-922-200x300.jpg\" alt=\"\" width=\"200\" height=\"300\" srcset=\"http:\/\/trail.camadeira.com\/wp-content\/uploads\/2010\/03\/trans-grancanaria-mar\u00e7o-2010-922-200x300.jpg 200w, http:\/\/trail.camadeira.com\/wp-content\/uploads\/2010\/03\/trans-grancanaria-mar\u00e7o-2010-922.jpg 500w\" sizes=\"(max-width: 200px) 100vw, 200px\" \/><\/a>Foi no passado dia 27 de Junho que se realizou  mais um Trail da Serra da Freita, segundo no que se refere a categoria  de ultra trail e que este ano contou com novo aumento de dist\u00e2ncia e de  desn\u00edvel perfazendo um total de 70 kms e mais de 4000 metros de  desn\u00edvel.<\/p>\n<p>Nesta prova participou o atleta do Clube  Aventura da Madeira, Pedro Alves que fez a sua estreia nesta prova  organizada pela Confraria Trotamontes dando seguimento a prepara\u00e7\u00e3o para  o Tor de Geants (Alpes italianos) que se realizar\u00e1 entre 12 e 18 de  Setembro e que contar\u00e1 com cerca de 330 kms com mais de 24000 de  desn\u00edvel acumulado.<\/p>\n<p>Pedro Alves terminou na 50\u00aa posi\u00e7\u00e3o onde apenas  85 finalistas dos quase 200 que iniciaram a jornada terminaram.<\/p>\n<p>Segundo o atleta madeirense &#8220;embora os dados  iniciais sobre este trail fizessem antever alguma dificuldade, esta veio  a se revelar muito mais dura e dif\u00edcil do que aquilo que a grande  maioria dos participantes esperava, mesmo para os repetentes&#8221;. Na  verdade no final a opini\u00e3o que reinava era a de que este tinha sido um  trail extremamente dif\u00edcil devido a tecnicidade elevada e que ainda por  cima se aliou a condi\u00e7\u00f5es climat\u00e9ricas com temperaturas muito superiores  aos 30 graus. &#8220;Embora j\u00e1 tenha realizado outros trails muito dif\u00edceis,  este n\u00e3o fica nada atr\u00e1s, tendo sido um excelente desafio para a minha  prepara\u00e7\u00e3o&#8221;.<\/p>\n<p><a href=\"http:\/\/trail.camadeira.com\/wp-content\/uploads\/2010\/07\/UTSF1.jpg\"><img loading=\"lazy\" class=\"alignleft size-medium wp-image-232\" title=\"UTSF1\" src=\"http:\/\/trail.camadeira.com\/wp-content\/uploads\/2010\/07\/UTSF1-300x224.jpg\" alt=\"\" width=\"300\" height=\"224\" \/><\/a> <a href=\"http:\/\/trail.camadeira.com\/wp-content\/uploads\/2010\/07\/UTSF2.jpg\"><img loading=\"lazy\" class=\"aligncenter size-medium wp-image-233\" title=\"UTSF2\" src=\"http:\/\/trail.camadeira.com\/wp-content\/uploads\/2010\/07\/UTSF2-300x224.jpg\" alt=\"\" width=\"300\" height=\"224\" \/><\/a><\/p>\n<p>Na ter\u00e7a-feira, dia 29 Pedro partiu para  Marrocos participar  no Ultra Trail do Atlas Toubkal, para dar continuidade ao ciclo de provas, onde far\u00e1 juntamente com Gon\u00e7alo Silva a  estreia em provas em solo africano. Ser\u00e1 tamb\u00e9m uma oportunidade para  experimentar a competi\u00e7\u00e3o acima dos 3000 de altitude, algo que vai  acontecer no citado \u201cTor de Geants\u201d, em Setembro.<\/p>\n<p><a href=\"http:\/\/www.confraria-trotamontes.com\/utsf\/pt\/resultados\/\" target=\"_blank\"><strong>RESULTADOS<\/strong><\/a><\/p>\n","protected":false},"excerpt":{"rendered":"<p>Foi no passado dia 27 de Junho que se realizou mais um Trail da Serra da Freita, segundo no que se refere a categoria de ultra trail e que este ano contou com novo aumento de dist\u00e2ncia e de desn\u00edvel perfazendo um total de 70 kms e mais de 4000 metros de desn\u00edvel. Nesta prova &hellip; <\/p>\n<p><a class=\"more-link btn\" href=\"http:\/\/trail.camadeira.com\/?p=227\">Continue a ler<\/a><\/p>\n","protected":false},"author":1,"featured_media":0,"comment_status":"open","ping_status":"open","sticky":false,"template":"","format":"standard","meta":[],"categories":[1],"tags":[],"_links":{"self":[{"href":"http:\/\/trail.camadeira.com\/index.php?rest_route=\/wp\/v2\/posts\/227"}],"collection":[{"href":"http:\/\/trail.camadeira.com\/index.php?rest_route=\/wp\/v2\/posts"}],"about":[{"href":"http:\/\/trail.camadeira.com\/index.php?rest_route=\/wp\/v2\/types\/post"}],"author":[{"embeddable":true,"href":"http:\/\/trail.camadeira.com\/index.php?rest_route=\/wp\/v2\/users\/1"}],"replies":[{"embeddable":true,"href":"http:\/\/trail.camadeira.com\/index.php?rest_route=%2Fwp%2Fv2%2Fcomments&post=227"}],"version-history":[{"count":5,"href":"http:\/\/trail.camadeira.com\/index.php?rest_route=\/wp\/v2\/posts\/227\/revisions"}],"predecessor-version":[{"id":235,"href":"http:\/\/trail.camadeira.com\/index.php?rest_route=\/wp\/v2\/posts\/227\/revisions\/235"}],"wp:attachment":[{"href":"http:\/\/trail.camadeira.com\/index.php?rest_route=%2Fwp%2Fv2%2Fmedia&parent=227"}],"wp:term":[{"taxonomy":"category","embeddable":true,"href":"http:\/\/trail.camadeira.com\/index.php?rest_route=%2Fwp%2Fv2%2Fcategories&post=227"},{"taxonomy":"post_tag","embeddable":true,"href":"http:\/\/trail.camadeira.com\/index.php?rest_route=%2Fwp%2Fv2%2Ftags&post=227"}],"curies":[{"name":"wp","href":"https:\/\/api.w.org\/{rel}","templated":true}]}}