{"id":2227,"date":"2018-04-29T15:49:34","date_gmt":"2018-04-29T14:49:34","guid":{"rendered":"http:\/\/trail.camadeira.com\/?p=2227"},"modified":"2018-04-29T16:14:20","modified_gmt":"2018-04-29T15:14:20","slug":"andre-caires-timoteo-sousa-e-luis-rodrigues-concluem-o-madeira-island-ultra-trail-115km","status":"publish","type":"post","link":"http:\/\/trail.camadeira.com\/?p=2227","title":{"rendered":"Andr\u00e9 Ca\u00edres, Tim\u00f3teo Sousa e Lu\u00eds Rodrigues concluem o Madeira Island Ultra Trail 115km"},"content":{"rendered":"<p><a href=\"http:\/\/trail.camadeira.com\/wp-content\/uploads\/2018\/04\/P1070766.jpg\"><img loading=\"lazy\" class=\"aligncenter size-full wp-image-2229\" src=\"http:\/\/trail.camadeira.com\/wp-content\/uploads\/2018\/04\/P1070766.jpg\" alt=\"P1070766\" width=\"1024\" height=\"768\" srcset=\"http:\/\/trail.camadeira.com\/wp-content\/uploads\/2018\/04\/P1070766.jpg 1024w, http:\/\/trail.camadeira.com\/wp-content\/uploads\/2018\/04\/P1070766-300x225.jpg 300w\" sizes=\"(max-width: 1024px) 100vw, 1024px\" \/><\/a><\/p>\n<p>A 10.\u00aa Edi\u00e7\u00e3o do Madeira Island Ultra Trail, teve \u00e0 partida da prova principal com 115km, 8 representantes do Clube Aventura da Madeira, grande parte repetentes do desafio: Leonardo Diogo, Tim\u00f3teo Sousa, Andr\u00e9 Ca\u00edres, Lu\u00eds Rodrigues, Jo\u00e3o Mendon\u00e7a, Nadia Meroni, Filipe Ramos e Pedro Alves. \u00c0s dificuldades do itiner\u00e1rio e a condi\u00e7\u00e3o dos atletas, adicionou-se uma noite molhada e fria, que condicionou a participa\u00e7\u00e3o de muitos dos atletas. Entre a Partida no Porto Moniz, onde se apresentaram 782 atletas e a chegada que registou 496 atletas, os resistentes do Clube Aventura da Madeira foram Andr\u00e9 Ca\u00edres, Tim\u00f3teo Sousa e Lu\u00eds Rodrigues.<\/p>\n<p><a href=\"http:\/\/trail.camadeira.com\/wp-content\/uploads\/2018\/04\/P1070973.jpg\"><img loading=\"lazy\" class=\"aligncenter size-full wp-image-2230\" src=\"http:\/\/trail.camadeira.com\/wp-content\/uploads\/2018\/04\/P1070973.jpg\" alt=\"P1070973\" width=\"1024\" height=\"768\" srcset=\"http:\/\/trail.camadeira.com\/wp-content\/uploads\/2018\/04\/P1070973.jpg 1024w, http:\/\/trail.camadeira.com\/wp-content\/uploads\/2018\/04\/P1070973-300x225.jpg 300w\" sizes=\"(max-width: 1024px) 100vw, 1024px\" \/><\/a><\/p>\n<p>Nas dist\u00e2ncias interm\u00e9dias do evento, Edson Pereira participou na dist\u00e2ncia 42km, e Dinis Ferreira e Dario Abreu participaram na dist\u00e2ncia 16km.<br \/>\nO Clube Aventura da Madeira agradece a participa\u00e7\u00e3o de todos!<br \/>\nResultados:<br \/>\n<strong>MIUT 115KM<\/strong><br \/>\n74\u00ba Andr\u00e9 Caires CLUBE AVENTURA DA MADEIRA SEN M 20:31:47<br \/>\n75\u00ba Tim\u00f3teo Sousa CLUBE AVENTURA DA MADEIRA SEN M 20:31:54<br \/>\n214\u00ba Luis Rodrigues CLUBE AVENTURA DA MADEIRA SEN M 24:21:19<br \/>\n<strong>MARATHON 42KM<\/strong><br \/>\n365\u00ba Edson Pereira CLUBE AVENTURA DA MADEIRA SEN M 07:50:01<br \/>\n<strong>MINI 16KM<\/strong><br \/>\n47\u00ba Dinis Ferreira CLUBE AVENTURA DA MADEIRA V40 M 01:36:22<br \/>\n116\u00ba Dario Abreu CLUBE AVENTURA DA MADEIRA V50 (4.\u00ba) 01:52:48<\/p>\n\n\t\t<style type=\"text\/css\">\n\t\t\t#gallery-1 {\n\t\t\t\tmargin: auto;\n\t\t\t}\n\t\t\t#gallery-1 .gallery-item {\n\t\t\t\tfloat: left;\n\t\t\t\tmargin-top: 10px;\n\t\t\t\ttext-align: center;\n\t\t\t\twidth: 33%;\n\t\t\t}\n\t\t\t#gallery-1 img {\n\t\t\t\tborder: 2px solid #cfcfcf;\n\t\t\t}\n\t\t\t#gallery-1 .gallery-caption {\n\t\t\t\tmargin-left: 0;\n\t\t\t}\n\t\t\t\/* see gallery_shortcode() in wp-includes\/media.php *\/\n\t\t<\/style>\n\t\t<div id='gallery-1' class='gallery galleryid-2227 gallery-columns-3 gallery-size-thumbnail'><dl class='gallery-item'>\n\t\t\t<dt class='gallery-icon landscape'>\n\t\t\t\t<a href='http:\/\/trail.camadeira.com\/?attachment_id=2232'><img width=\"150\" height=\"150\" src=\"http:\/\/trail.camadeira.com\/wp-content\/uploads\/2018\/04\/P1070764-150x150.jpg\" class=\"attachment-thumbnail size-thumbnail\" alt=\"\" loading=\"lazy\" \/><\/a>\n\t\t\t<\/dt><\/dl><dl class='gallery-item'>\n\t\t\t<dt class='gallery-icon landscape'>\n\t\t\t\t<a href='http:\/\/trail.camadeira.com\/?attachment_id=2233'><img width=\"150\" height=\"150\" src=\"http:\/\/trail.camadeira.com\/wp-content\/uploads\/2018\/04\/P10707661-150x150.jpg\" class=\"attachment-thumbnail size-thumbnail\" alt=\"\" loading=\"lazy\" \/><\/a>\n\t\t\t<\/dt><\/dl><dl class='gallery-item'>\n\t\t\t<dt class='gallery-icon landscape'>\n\t\t\t\t<a href='http:\/\/trail.camadeira.com\/?attachment_id=2234'><img width=\"150\" height=\"150\" src=\"http:\/\/trail.camadeira.com\/wp-content\/uploads\/2018\/04\/P1070827-150x150.jpg\" class=\"attachment-thumbnail size-thumbnail\" alt=\"\" loading=\"lazy\" \/><\/a>\n\t\t\t<\/dt><\/dl><br style=\"clear: both\" \/><dl class='gallery-item'>\n\t\t\t<dt class='gallery-icon portrait'>\n\t\t\t\t<a href='http:\/\/trail.camadeira.com\/?attachment_id=2235'><img width=\"150\" height=\"150\" src=\"http:\/\/trail.camadeira.com\/wp-content\/uploads\/2018\/04\/P1070835-150x150.jpg\" class=\"attachment-thumbnail size-thumbnail\" alt=\"\" loading=\"lazy\" \/><\/a>\n\t\t\t<\/dt><\/dl><dl class='gallery-item'>\n\t\t\t<dt class='gallery-icon landscape'>\n\t\t\t\t<a href='http:\/\/trail.camadeira.com\/?attachment_id=2236'><img width=\"150\" height=\"150\" src=\"http:\/\/trail.camadeira.com\/wp-content\/uploads\/2018\/04\/P1070927-150x150.jpg\" class=\"attachment-thumbnail size-thumbnail\" alt=\"\" loading=\"lazy\" \/><\/a>\n\t\t\t<\/dt><\/dl><dl class='gallery-item'>\n\t\t\t<dt class='gallery-icon landscape'>\n\t\t\t\t<a href='http:\/\/trail.camadeira.com\/?attachment_id=2237'><img width=\"150\" height=\"150\" src=\"http:\/\/trail.camadeira.com\/wp-content\/uploads\/2018\/04\/P10709731-150x150.jpg\" class=\"attachment-thumbnail size-thumbnail\" alt=\"\" loading=\"lazy\" \/><\/a>\n\t\t\t<\/dt><\/dl><br style=\"clear: both\" \/><dl class='gallery-item'>\n\t\t\t<dt class='gallery-icon landscape'>\n\t\t\t\t<a href='http:\/\/trail.camadeira.com\/?attachment_id=2238'><img width=\"150\" height=\"150\" src=\"http:\/\/trail.camadeira.com\/wp-content\/uploads\/2018\/04\/P1070987-150x150.jpg\" class=\"attachment-thumbnail size-thumbnail\" alt=\"\" loading=\"lazy\" \/><\/a>\n\t\t\t<\/dt><\/dl><dl class='gallery-item'>\n\t\t\t<dt class='gallery-icon landscape'>\n\t\t\t\t<a href='http:\/\/trail.camadeira.com\/?attachment_id=2239'><img width=\"150\" height=\"150\" src=\"http:\/\/trail.camadeira.com\/wp-content\/uploads\/2018\/04\/P1080153-150x150.jpg\" class=\"attachment-thumbnail size-thumbnail\" alt=\"\" loading=\"lazy\" \/><\/a>\n\t\t\t<\/dt><\/dl><dl class='gallery-item'>\n\t\t\t<dt class='gallery-icon landscape'>\n\t\t\t\t<a href='http:\/\/trail.camadeira.com\/?attachment_id=2240'><img width=\"150\" height=\"150\" src=\"http:\/\/trail.camadeira.com\/wp-content\/uploads\/2018\/04\/P1080481-150x150.jpg\" class=\"attachment-thumbnail size-thumbnail\" alt=\"\" loading=\"lazy\" \/><\/a>\n\t\t\t<\/dt><\/dl><br style=\"clear: both\" \/>\n\t\t<\/div>\n\n","protected":false},"excerpt":{"rendered":"<p>A 10.\u00aa Edi\u00e7\u00e3o do Madeira Island Ultra Trail, teve \u00e0 partida da prova principal com 115km, 8 representantes do Clube Aventura da Madeira, grande parte repetentes do desafio: Leonardo Diogo, Tim\u00f3teo Sousa, Andr\u00e9 Ca\u00edres, Lu\u00eds Rodrigues, Jo\u00e3o Mendon\u00e7a, Nadia Meroni, Filipe Ramos e Pedro Alves. \u00c0s dificuldades do itiner\u00e1rio e a condi\u00e7\u00e3o dos atletas, adicionou-se &hellip; <\/p>\n<p><a class=\"more-link btn\" href=\"http:\/\/trail.camadeira.com\/?p=2227\">Continue a ler<\/a><\/p>\n","protected":false},"author":1,"featured_media":0,"comment_status":"closed","ping_status":"closed","sticky":false,"template":"","format":"standard","meta":[],"categories":[1],"tags":[],"_links":{"self":[{"href":"http:\/\/trail.camadeira.com\/index.php?rest_route=\/wp\/v2\/posts\/2227"}],"collection":[{"href":"http:\/\/trail.camadeira.com\/index.php?rest_route=\/wp\/v2\/posts"}],"about":[{"href":"http:\/\/trail.camadeira.com\/index.php?rest_route=\/wp\/v2\/types\/post"}],"author":[{"embeddable":true,"href":"http:\/\/trail.camadeira.com\/index.php?rest_route=\/wp\/v2\/users\/1"}],"replies":[{"embeddable":true,"href":"http:\/\/trail.camadeira.com\/index.php?rest_route=%2Fwp%2Fv2%2Fcomments&post=2227"}],"version-history":[{"count":6,"href":"http:\/\/trail.camadeira.com\/index.php?rest_route=\/wp\/v2\/posts\/2227\/revisions"}],"predecessor-version":[{"id":2244,"href":"http:\/\/trail.camadeira.com\/index.php?rest_route=\/wp\/v2\/posts\/2227\/revisions\/2244"}],"wp:attachment":[{"href":"http:\/\/trail.camadeira.com\/index.php?rest_route=%2Fwp%2Fv2%2Fmedia&parent=2227"}],"wp:term":[{"taxonomy":"category","embeddable":true,"href":"http:\/\/trail.camadeira.com\/index.php?rest_route=%2Fwp%2Fv2%2Fcategories&post=2227"},{"taxonomy":"post_tag","embeddable":true,"href":"http:\/\/trail.camadeira.com\/index.php?rest_route=%2Fwp%2Fv2%2Ftags&post=2227"}],"curies":[{"name":"wp","href":"https:\/\/api.w.org\/{rel}","templated":true}]}}