{"id":2214,"date":"2017-11-26T11:26:07","date_gmt":"2017-11-26T10:26:07","guid":{"rendered":"http:\/\/trail.camadeira.com\/?p=2214"},"modified":"2017-12-17T11:27:04","modified_gmt":"2017-12-17T10:27:04","slug":"timoteo-sousa-com-excelente-resultado-na-prova-ultra-do-trail-de-camara-de-lobos","status":"publish","type":"post","link":"http:\/\/trail.camadeira.com\/?p=2214","title":{"rendered":"Tim\u00f3teo Sousa com excelente resultado na prova Ultra do Trail de C\u00e2mara de Lobos"},"content":{"rendered":"<p>A nova \u00e9poca de Trail Running iniciou-se no passado S\u00e1bado, 25 de Novembro, com a realiza\u00e7\u00e3o do Trail de C\u00e2mara de Lobos organizado pela ADC Jardim da Serra. O evento disponibilizou quatro provas, 47km, 22km, 8,5km e a prova jovem com 3,2km.<\/p>\n<p><a href=\"http:\/\/trail.camadeira.com\/wp-content\/uploads\/2017\/12\/24058690_10155067650717337_8065305260795970233_n.jpg\"><img loading=\"lazy\" class=\"aligncenter size-full wp-image-2215\" src=\"http:\/\/trail.camadeira.com\/wp-content\/uploads\/2017\/12\/24058690_10155067650717337_8065305260795970233_n.jpg\" alt=\"24058690_10155067650717337_8065305260795970233_n\" width=\"960\" height=\"640\" srcset=\"http:\/\/trail.camadeira.com\/wp-content\/uploads\/2017\/12\/24058690_10155067650717337_8065305260795970233_n.jpg 960w, http:\/\/trail.camadeira.com\/wp-content\/uploads\/2017\/12\/24058690_10155067650717337_8065305260795970233_n-300x200.jpg 300w\" sizes=\"(max-width: 960px) 100vw, 960px\" \/><\/a><\/p>\n<p>O Clube Aventura da Madeira esteve representado por 6 atletas, destacando-se o excelente 5.\u00ba lugar de Tim\u00f3teo Sousa na prova principal, a Ultra com 47km, com o tempo de 06:4<span class=\"text_exposed_show\">2:17. Tim\u00f3teo partiu no grupo da frente, mantendo-se nos 10 primeiros ao longo de toda a corrida, tendo recuperado da 8.\u00aa posi\u00e7\u00e3o no primeiro controlo at\u00e9 \u00e0 5.\u00aa posi\u00e7\u00e3o final, sendo igualmente vencedor do escal\u00e3o V35.<\/span><\/p>\n<div class=\"text_exposed_show\">\n<p>Na prova Longa com 22km, Nelson Baroca foi 9.\u00ba classificado, seguindo-se Sid\u00f3nio Cabral na 99.\u00aa posi\u00e7\u00e3o da geral masculina, Gon\u00e7alo Gon\u00e7alves na 120.\u00aa posi\u00e7\u00e3o, Ricardo Matos na 138.\u00aa. Rosalina Gouveia fez uma prova regular terminando no 32.\u00ba lugar da geral feminina.<br \/>\n<a href=\"https:\/\/l.facebook.com\/l.php?u=http%3A%2F%2Fatletismo.camadeira.com%2F&amp;h=ATP1xq-1rgxZd1C1PHVl8nTKAucxfHv-q3I7DQaD_oqLjWIISmXxzO3SJdakiFC9HdwM48iYtZSPP5bjpggKMgw34AUrEK0GK01eh-ZIuUp88c0WWhwdXPKmR_i_7kRNrFo8_djS_6VQpdqxWgHR0nyoY3CEVeT-dhTIdJq_6DQyc-q5yP7c-1PQTlTyNYKSje03RB1GEpCAhy-UkP1vX96E1McTyFY8_9dQL7eDAF-rOF6yIYknsk7DB1zDmzP-78hcKJseuag4Q3gqUkurq0qKLfMHzaOiUM4GThY\" target=\"_blank\" rel=\"noopener nofollow\" data-ft=\"{&quot;tn&quot;:&quot;-U&quot;}\" data-lynx-mode=\"async\">http:\/\/atletismo.camadeira.com\/<\/a><br \/>\nFotos de autoria: Lu\u00eds Pepe Branco e Jos\u00e9 M\u00e1rio Santos Abreu<\/p>\n<p><a href=\"http:\/\/trail.camadeira.com\/wp-content\/uploads\/2017\/12\/23905637_10155067651592337_8058110429862949342_n.jpg\"><img loading=\"lazy\" class=\"aligncenter size-full wp-image-2216\" src=\"http:\/\/trail.camadeira.com\/wp-content\/uploads\/2017\/12\/23905637_10155067651592337_8058110429862949342_n.jpg\" alt=\"23905637_10155067651592337_8058110429862949342_n\" width=\"960\" height=\"640\" srcset=\"http:\/\/trail.camadeira.com\/wp-content\/uploads\/2017\/12\/23905637_10155067651592337_8058110429862949342_n.jpg 960w, http:\/\/trail.camadeira.com\/wp-content\/uploads\/2017\/12\/23905637_10155067651592337_8058110429862949342_n-300x200.jpg 300w\" sizes=\"(max-width: 960px) 100vw, 960px\" \/><\/a> <a href=\"http:\/\/trail.camadeira.com\/wp-content\/uploads\/2017\/12\/23905242_10155067651602337_8719392247332827117_n.jpg\"><img loading=\"lazy\" class=\"aligncenter size-full wp-image-2217\" src=\"http:\/\/trail.camadeira.com\/wp-content\/uploads\/2017\/12\/23905242_10155067651602337_8719392247332827117_n.jpg\" alt=\"23905242_10155067651602337_8719392247332827117_n\" width=\"960\" height=\"640\" srcset=\"http:\/\/trail.camadeira.com\/wp-content\/uploads\/2017\/12\/23905242_10155067651602337_8719392247332827117_n.jpg 960w, http:\/\/trail.camadeira.com\/wp-content\/uploads\/2017\/12\/23905242_10155067651602337_8719392247332827117_n-300x200.jpg 300w\" sizes=\"(max-width: 960px) 100vw, 960px\" \/><\/a> <a href=\"http:\/\/trail.camadeira.com\/wp-content\/uploads\/2017\/12\/23905721_10155067650722337_1452552777035366902_n.jpg\"><img loading=\"lazy\" class=\"aligncenter size-full wp-image-2218\" src=\"http:\/\/trail.camadeira.com\/wp-content\/uploads\/2017\/12\/23905721_10155067650722337_1452552777035366902_n.jpg\" alt=\"23905721_10155067650722337_1452552777035366902_n\" width=\"960\" height=\"640\" srcset=\"http:\/\/trail.camadeira.com\/wp-content\/uploads\/2017\/12\/23905721_10155067650722337_1452552777035366902_n.jpg 960w, http:\/\/trail.camadeira.com\/wp-content\/uploads\/2017\/12\/23905721_10155067650722337_1452552777035366902_n-300x200.jpg 300w\" sizes=\"(max-width: 960px) 100vw, 960px\" \/><\/a><\/p>\n<\/div>\n","protected":false},"excerpt":{"rendered":"<p>A nova \u00e9poca de Trail Running iniciou-se no passado S\u00e1bado, 25 de Novembro, com a realiza\u00e7\u00e3o do Trail de C\u00e2mara de Lobos organizado pela ADC Jardim da Serra. O evento disponibilizou quatro provas, 47km, 22km, 8,5km e a prova jovem com 3,2km. O Clube Aventura da Madeira esteve representado por 6 atletas, destacando-se o excelente &hellip; <\/p>\n<p><a class=\"more-link btn\" href=\"http:\/\/trail.camadeira.com\/?p=2214\">Continue a ler<\/a><\/p>\n","protected":false},"author":1,"featured_media":0,"comment_status":"closed","ping_status":"closed","sticky":false,"template":"","format":"standard","meta":[],"categories":[1],"tags":[],"_links":{"self":[{"href":"http:\/\/trail.camadeira.com\/index.php?rest_route=\/wp\/v2\/posts\/2214"}],"collection":[{"href":"http:\/\/trail.camadeira.com\/index.php?rest_route=\/wp\/v2\/posts"}],"about":[{"href":"http:\/\/trail.camadeira.com\/index.php?rest_route=\/wp\/v2\/types\/post"}],"author":[{"embeddable":true,"href":"http:\/\/trail.camadeira.com\/index.php?rest_route=\/wp\/v2\/users\/1"}],"replies":[{"embeddable":true,"href":"http:\/\/trail.camadeira.com\/index.php?rest_route=%2Fwp%2Fv2%2Fcomments&post=2214"}],"version-history":[{"count":2,"href":"http:\/\/trail.camadeira.com\/index.php?rest_route=\/wp\/v2\/posts\/2214\/revisions"}],"predecessor-version":[{"id":2220,"href":"http:\/\/trail.camadeira.com\/index.php?rest_route=\/wp\/v2\/posts\/2214\/revisions\/2220"}],"wp:attachment":[{"href":"http:\/\/trail.camadeira.com\/index.php?rest_route=%2Fwp%2Fv2%2Fmedia&parent=2214"}],"wp:term":[{"taxonomy":"category","embeddable":true,"href":"http:\/\/trail.camadeira.com\/index.php?rest_route=%2Fwp%2Fv2%2Fcategories&post=2214"},{"taxonomy":"post_tag","embeddable":true,"href":"http:\/\/trail.camadeira.com\/index.php?rest_route=%2Fwp%2Fv2%2Ftags&post=2214"}],"curies":[{"name":"wp","href":"https:\/\/api.w.org\/{rel}","templated":true}]}}