{"id":2210,"date":"2017-12-17T11:20:29","date_gmt":"2017-12-17T10:20:29","guid":{"rendered":"http:\/\/trail.camadeira.com\/?p=2210"},"modified":"2017-12-17T11:40:19","modified_gmt":"2017-12-17T10:40:19","slug":"trail-noturno-do-ludens-trail-madeira-9-dezembro-2017","status":"publish","type":"post","link":"http:\/\/trail.camadeira.com\/?p=2210","title":{"rendered":"Trail Noturno do Ludens &#8211; Trail Madeira &#8211; 9 Dezembro 2017"},"content":{"rendered":"<p>Humberto Barros representa o Clube Aventura da Madeira na edi\u00e7\u00e3o 2018 do Trail Noturno do Ludens, prova que contou com 223 participantes que completaram um itiner\u00e1rio de 12km com partida e chegada no centro da Vila do Cani\u00e7al.<\/p>\n<p>Humberto Barros completou o percurso\u00a0 em 1:09:41, arrecadando a 88.\u00aa posi\u00e7\u00e3o na classifica\u00e7\u00e3o geral.<\/p>\n<p>Foto\u00a0 Ludens Clube de Machico<\/p>\n<p><a href=\"http:\/\/trail.camadeira.com\/wp-content\/uploads\/2017\/12\/RESULTADOS_TNLCM.pdf\">RESULTADOS_TNLCM<\/a><\/p>\n<p><a href=\"http:\/\/trail.camadeira.com\/wp-content\/uploads\/2017\/12\/25158450_1766171850073945_8132971397398585704_n.jpg\"><img loading=\"lazy\" class=\"aligncenter size-full wp-image-2211\" src=\"http:\/\/trail.camadeira.com\/wp-content\/uploads\/2017\/12\/25158450_1766171850073945_8132971397398585704_n.jpg\" alt=\"25158450_1766171850073945_8132971397398585704_n\" width=\"960\" height=\"640\" srcset=\"http:\/\/trail.camadeira.com\/wp-content\/uploads\/2017\/12\/25158450_1766171850073945_8132971397398585704_n.jpg 960w, http:\/\/trail.camadeira.com\/wp-content\/uploads\/2017\/12\/25158450_1766171850073945_8132971397398585704_n-300x200.jpg 300w\" sizes=\"(max-width: 960px) 100vw, 960px\" \/><\/a><\/p>\n","protected":false},"excerpt":{"rendered":"<p>Humberto Barros representa o Clube Aventura da Madeira na edi\u00e7\u00e3o 2018 do Trail Noturno do Ludens, prova que contou com 223 participantes que completaram um itiner\u00e1rio de 12km com partida e chegada no centro da Vila do Cani\u00e7al. Humberto Barros completou o percurso\u00a0 em 1:09:41, arrecadando a 88.\u00aa posi\u00e7\u00e3o na classifica\u00e7\u00e3o geral. Foto\u00a0 Ludens Clube &hellip; <\/p>\n<p><a class=\"more-link btn\" href=\"http:\/\/trail.camadeira.com\/?p=2210\">Continue a ler<\/a><\/p>\n","protected":false},"author":1,"featured_media":0,"comment_status":"closed","ping_status":"closed","sticky":false,"template":"","format":"standard","meta":[],"categories":[1],"tags":[],"_links":{"self":[{"href":"http:\/\/trail.camadeira.com\/index.php?rest_route=\/wp\/v2\/posts\/2210"}],"collection":[{"href":"http:\/\/trail.camadeira.com\/index.php?rest_route=\/wp\/v2\/posts"}],"about":[{"href":"http:\/\/trail.camadeira.com\/index.php?rest_route=\/wp\/v2\/types\/post"}],"author":[{"embeddable":true,"href":"http:\/\/trail.camadeira.com\/index.php?rest_route=\/wp\/v2\/users\/1"}],"replies":[{"embeddable":true,"href":"http:\/\/trail.camadeira.com\/index.php?rest_route=%2Fwp%2Fv2%2Fcomments&post=2210"}],"version-history":[{"count":3,"href":"http:\/\/trail.camadeira.com\/index.php?rest_route=\/wp\/v2\/posts\/2210\/revisions"}],"predecessor-version":[{"id":2222,"href":"http:\/\/trail.camadeira.com\/index.php?rest_route=\/wp\/v2\/posts\/2210\/revisions\/2222"}],"wp:attachment":[{"href":"http:\/\/trail.camadeira.com\/index.php?rest_route=%2Fwp%2Fv2%2Fmedia&parent=2210"}],"wp:term":[{"taxonomy":"category","embeddable":true,"href":"http:\/\/trail.camadeira.com\/index.php?rest_route=%2Fwp%2Fv2%2Fcategories&post=2210"},{"taxonomy":"post_tag","embeddable":true,"href":"http:\/\/trail.camadeira.com\/index.php?rest_route=%2Fwp%2Fv2%2Ftags&post=2210"}],"curies":[{"name":"wp","href":"https:\/\/api.w.org\/{rel}","templated":true}]}}