{"id":220,"date":"2010-07-04T10:56:59","date_gmt":"2010-07-04T09:56:59","guid":{"rendered":"http:\/\/trail.camadeira.com\/?p=220"},"modified":"2010-07-04T15:31:25","modified_gmt":"2010-07-04T14:31:25","slug":"excelente-participacao-de-pedro-alves-e-goncalo-silva-em-marrocos","status":"publish","type":"post","link":"http:\/\/trail.camadeira.com\/?p=220","title":{"rendered":"Excelente participa\u00e7\u00e3o de Pedro Alves e Gon\u00e7alo Silva em Marrocos"},"content":{"rendered":"<p>Na estreia em terras africanas no\u00a0Ultra Trail Atlas Toubkal (UTAT), que decorreu nos dias 1 e 2 de Julho 2010, Pedro Alves fez um excelente resultado, obtendo a segunda posi\u00e7\u00e3o da geral, bem como Gon\u00e7alo Silva que se classificou no lugar logo a seguir no p\u00f3dio . Esperamos brevemente confirmar estes resultados e relatar as experi\u00eancias destes atletas em solo africano.<\/p>\n","protected":false},"excerpt":{"rendered":"<p>Na estreia em terras africanas no\u00a0Ultra Trail Atlas Toubkal (UTAT), que decorreu nos dias 1 e 2 de Julho 2010, Pedro Alves fez um excelente resultado, obtendo a segunda posi\u00e7\u00e3o da geral, bem como Gon\u00e7alo Silva que se classificou no lugar logo a seguir no p\u00f3dio . Esperamos brevemente confirmar estes resultados e relatar as &hellip; <\/p>\n<p><a class=\"more-link btn\" href=\"http:\/\/trail.camadeira.com\/?p=220\">Continue a ler<\/a><\/p>\n","protected":false},"author":1,"featured_media":0,"comment_status":"open","ping_status":"open","sticky":false,"template":"","format":"standard","meta":[],"categories":[1],"tags":[],"_links":{"self":[{"href":"http:\/\/trail.camadeira.com\/index.php?rest_route=\/wp\/v2\/posts\/220"}],"collection":[{"href":"http:\/\/trail.camadeira.com\/index.php?rest_route=\/wp\/v2\/posts"}],"about":[{"href":"http:\/\/trail.camadeira.com\/index.php?rest_route=\/wp\/v2\/types\/post"}],"author":[{"embeddable":true,"href":"http:\/\/trail.camadeira.com\/index.php?rest_route=\/wp\/v2\/users\/1"}],"replies":[{"embeddable":true,"href":"http:\/\/trail.camadeira.com\/index.php?rest_route=%2Fwp%2Fv2%2Fcomments&post=220"}],"version-history":[{"count":5,"href":"http:\/\/trail.camadeira.com\/index.php?rest_route=\/wp\/v2\/posts\/220\/revisions"}],"predecessor-version":[{"id":223,"href":"http:\/\/trail.camadeira.com\/index.php?rest_route=\/wp\/v2\/posts\/220\/revisions\/223"}],"wp:attachment":[{"href":"http:\/\/trail.camadeira.com\/index.php?rest_route=%2Fwp%2Fv2%2Fmedia&parent=220"}],"wp:term":[{"taxonomy":"category","embeddable":true,"href":"http:\/\/trail.camadeira.com\/index.php?rest_route=%2Fwp%2Fv2%2Fcategories&post=220"},{"taxonomy":"post_tag","embeddable":true,"href":"http:\/\/trail.camadeira.com\/index.php?rest_route=%2Fwp%2Fv2%2Ftags&post=220"}],"curies":[{"name":"wp","href":"https:\/\/api.w.org\/{rel}","templated":true}]}}