{"id":2198,"date":"2017-10-31T14:46:22","date_gmt":"2017-10-31T13:46:22","guid":{"rendered":"http:\/\/trail.camadeira.com\/?p=2198"},"modified":"2017-10-31T15:31:57","modified_gmt":"2017-10-31T14:31:57","slug":"timoteo-sousa-nadia-meroni-jose-ribeiro-e-joao-mendonca-em-destaque-na-3-a-edicao-do-ecotrail-funchal","status":"publish","type":"post","link":"http:\/\/trail.camadeira.com\/?p=2198","title":{"rendered":"Tim\u00f3teo Sousa, Nadia Meroni, Jos\u00e9 Ribeiro e Jo\u00e3o Mendon\u00e7a em destaque na 3.\u00aa Edi\u00e7\u00e3o do EcoTrail Funchal"},"content":{"rendered":"<p>A 3.\u00aa edi\u00e7\u00e3o do Eco Trail Funchal registou cerca de 550 participantes distribu\u00eddos pelas quatro dist\u00e2ncias, 80km, 40km, 25km e 17km, que percorreram o concelho do Funchal do mar \u00e0s montanhas a maior altitude.<\/p>\n<p><a href=\"http:\/\/trail.camadeira.com\/wp-content\/uploads\/2017\/10\/22814514_1917363298525084_5571156531725759083_n.jpg\"><img loading=\"lazy\" class=\"aligncenter size-full wp-image-2205\" src=\"http:\/\/trail.camadeira.com\/wp-content\/uploads\/2017\/10\/22814514_1917363298525084_5571156531725759083_n.jpg\" alt=\"22814514_1917363298525084_5571156531725759083_n\" width=\"692\" height=\"960\" srcset=\"http:\/\/trail.camadeira.com\/wp-content\/uploads\/2017\/10\/22814514_1917363298525084_5571156531725759083_n.jpg 692w, http:\/\/trail.camadeira.com\/wp-content\/uploads\/2017\/10\/22814514_1917363298525084_5571156531725759083_n-216x300.jpg 216w\" sizes=\"(max-width: 692px) 100vw, 692px\" \/><\/a><\/p>\n<p>Clube Aventura da Madeira esteve muito bem representado, Tim\u00f3teo Sousa fez uma prova muito consistente, terminado na 4.\u00aa posi\u00e7\u00e3o absoluta na prova principal com 80km e 5200m de desn\u00edvel positivo. Ainda nesta dist\u00e2ncia, Nadia Meroni foi segunda classificada ultrapassando os 80km em 15:58:06.<\/p>\n<p><a href=\"http:\/\/trail.camadeira.com\/wp-content\/uploads\/2017\/10\/22853430_1917362331858514_4593502598021311804_n.jpg\"><img loading=\"lazy\" class=\"aligncenter size-full wp-image-2201\" src=\"http:\/\/trail.camadeira.com\/wp-content\/uploads\/2017\/10\/22853430_1917362331858514_4593502598021311804_n.jpg\" alt=\"22853430_1917362331858514_4593502598021311804_n\" width=\"623\" height=\"960\" srcset=\"http:\/\/trail.camadeira.com\/wp-content\/uploads\/2017\/10\/22853430_1917362331858514_4593502598021311804_n.jpg 623w, http:\/\/trail.camadeira.com\/wp-content\/uploads\/2017\/10\/22853430_1917362331858514_4593502598021311804_n-195x300.jpg 195w\" sizes=\"(max-width: 623px) 100vw, 623px\" \/><\/a><\/p>\n<p>Jos\u00e9 Ribeiro foi o segundo entre os atletas do Clube nos 80Km, na 13.\u00aa posi\u00e7\u00e3o da geral e 2.\u00ba no escal\u00e3o M50. Lu\u00eds Rodrigues foi 16.\u00ba da geral em mais uma presta\u00e7\u00e3o bem conseguida que fecharia uma classifica\u00e7\u00e3o coletiva do Clube Aventura da Madeira na primeira posi\u00e7\u00e3o. Jo\u00e3o Mendon\u00e7a fechou os 20 primeiros e conseguiu a 3.\u00aa posi\u00e7\u00e3o do escal\u00e3o M40, em mais um desafio superado. Andr\u00e9 Ca\u00edres andou grande parte da prova na entre o primeiro ter\u00e7o de atletas, no entanto, n\u00e3o viria a concluir a prova devido a problemas f\u00edsicos que o impediram de concluir.<\/p>\n<p><a href=\"http:\/\/trail.camadeira.com\/wp-content\/uploads\/2017\/10\/22885899_1917362431858504_276188049936576131_n.jpg\"><img loading=\"lazy\" class=\"aligncenter size-full wp-image-2202\" src=\"http:\/\/trail.camadeira.com\/wp-content\/uploads\/2017\/10\/22885899_1917362431858504_276188049936576131_n.jpg\" alt=\"22885899_1917362431858504_276188049936576131_n\" width=\"656\" height=\"960\" srcset=\"http:\/\/trail.camadeira.com\/wp-content\/uploads\/2017\/10\/22885899_1917362431858504_276188049936576131_n.jpg 656w, http:\/\/trail.camadeira.com\/wp-content\/uploads\/2017\/10\/22885899_1917362431858504_276188049936576131_n-205x300.jpg 205w\" sizes=\"(max-width: 656px) 100vw, 656px\" \/><\/a><\/p>\n<p>Na prova de 25km Rosalina Gouveia foi a \u00fanica representante do Clube Aventura da Madeira, conseguindo a 11.\u00aa posi\u00e7\u00e3o da geral.<\/p>\n<p>Nos 17km, duas participa\u00e7\u00f5es em regressos que muito bem conseguidos de Sid\u00f3nio Cabral na 66.\u00aa posi\u00e7\u00e3o e Dario Abreu na 81.\u00aa posi\u00e7\u00e3o.<\/p>\n<p><a href=\"http:\/\/trail.camadeira.com\/wp-content\/uploads\/2017\/10\/22893977_1462687513848827_1728033096942538837_n.jpg\"><img loading=\"lazy\" class=\"aligncenter size-full wp-image-2203\" src=\"http:\/\/trail.camadeira.com\/wp-content\/uploads\/2017\/10\/22893977_1462687513848827_1728033096942538837_n.jpg\" alt=\"22893977_1462687513848827_1728033096942538837_n\" width=\"960\" height=\"640\" srcset=\"http:\/\/trail.camadeira.com\/wp-content\/uploads\/2017\/10\/22893977_1462687513848827_1728033096942538837_n.jpg 960w, http:\/\/trail.camadeira.com\/wp-content\/uploads\/2017\/10\/22893977_1462687513848827_1728033096942538837_n-300x200.jpg 300w\" sizes=\"(max-width: 960px) 100vw, 960px\" \/><\/a><\/p>\n<p>Todos os resultados<\/p>\n<p><strong>80Km<\/strong><\/p>\n<p>Tim\u00f3teo Sousa \u00a0\u00a0\u00a0\u00a0\u00a0\u00a0\u00a0\u00a0\u00a0\u00a0\u00a0\u00a0\u00a0\u00a0\u00a0 \u00a011:08:30<\/p>\n<p>Jos\u00e9 Ribeiro VET 50 M\u00a0\u00a0 \u00a013:14:47<\/p>\n<p>Lu\u00eds Rodrigues\u00a0 SEN M\u00a0 \u00a013:49:05<\/p>\n<p>Jo\u00e3o Mendon\u00e7a VET 40M 14:19:14<\/p>\n<p>Nadia Meroni\u00a0\u00a0\u00a0 VET 40 F \u00a015:58:06<\/p>\n<p><strong>25Km<\/strong><\/p>\n<p>Rosalina Gouveia\u00a0 SEN F\u00a0\u00a0\u00a0 04:39:14<\/p>\n<p><strong>17Km<\/strong><\/p>\n<p>Sid\u00f3nio Cabral\u00a0\u00a0 VET 50 M\u00a0\u00a0 01:42:33<\/p>\n<p>Dario Abreu\u00a0\u00a0\u00a0\u00a0\u00a0\u00a0 VET 50 M\u00a0\u00a0 01:47:54<\/p>\n<p>Imagens por Jos\u00e9 Freitas; Jo\u00e3o M. Faria e Hugo Pita<\/p>\n<div id=\"attachment_2204\" style=\"width: 960px\" class=\"wp-caption aligncenter\"><a href=\"http:\/\/trail.camadeira.com\/wp-content\/uploads\/2017\/10\/22853247_187338478493901_7324738215553220412_n.jpg\"><img aria-describedby=\"caption-attachment-2204\" loading=\"lazy\" class=\"wp-image-2204 size-full\" src=\"http:\/\/trail.camadeira.com\/wp-content\/uploads\/2017\/10\/22853247_187338478493901_7324738215553220412_n.jpg\" alt=\"22853247_187338478493901_7324738215553220412_n\" width=\"960\" height=\"640\" srcset=\"http:\/\/trail.camadeira.com\/wp-content\/uploads\/2017\/10\/22853247_187338478493901_7324738215553220412_n.jpg 960w, http:\/\/trail.camadeira.com\/wp-content\/uploads\/2017\/10\/22853247_187338478493901_7324738215553220412_n-300x200.jpg 300w\" sizes=\"(max-width: 960px) 100vw, 960px\" \/><\/a><p id=\"caption-attachment-2204\" class=\"wp-caption-text\">Andr\u00e9 Ca\u00edres &#8211; Imagem por Hugo Pita<\/p><\/div>\n","protected":false},"excerpt":{"rendered":"<p>A 3.\u00aa edi\u00e7\u00e3o do Eco Trail Funchal registou cerca de 550 participantes distribu\u00eddos pelas quatro dist\u00e2ncias, 80km, 40km, 25km e 17km, que percorreram o concelho do Funchal do mar \u00e0s montanhas a maior altitude. Clube Aventura da Madeira esteve muito bem representado, Tim\u00f3teo Sousa fez uma prova muito consistente, terminado na 4.\u00aa posi\u00e7\u00e3o absoluta na &hellip; <\/p>\n<p><a class=\"more-link btn\" href=\"http:\/\/trail.camadeira.com\/?p=2198\">Continue a ler<\/a><\/p>\n","protected":false},"author":1,"featured_media":0,"comment_status":"closed","ping_status":"closed","sticky":false,"template":"","format":"standard","meta":[],"categories":[1],"tags":[],"_links":{"self":[{"href":"http:\/\/trail.camadeira.com\/index.php?rest_route=\/wp\/v2\/posts\/2198"}],"collection":[{"href":"http:\/\/trail.camadeira.com\/index.php?rest_route=\/wp\/v2\/posts"}],"about":[{"href":"http:\/\/trail.camadeira.com\/index.php?rest_route=\/wp\/v2\/types\/post"}],"author":[{"embeddable":true,"href":"http:\/\/trail.camadeira.com\/index.php?rest_route=\/wp\/v2\/users\/1"}],"replies":[{"embeddable":true,"href":"http:\/\/trail.camadeira.com\/index.php?rest_route=%2Fwp%2Fv2%2Fcomments&post=2198"}],"version-history":[{"count":3,"href":"http:\/\/trail.camadeira.com\/index.php?rest_route=\/wp\/v2\/posts\/2198\/revisions"}],"predecessor-version":[{"id":2208,"href":"http:\/\/trail.camadeira.com\/index.php?rest_route=\/wp\/v2\/posts\/2198\/revisions\/2208"}],"wp:attachment":[{"href":"http:\/\/trail.camadeira.com\/index.php?rest_route=%2Fwp%2Fv2%2Fmedia&parent=2198"}],"wp:term":[{"taxonomy":"category","embeddable":true,"href":"http:\/\/trail.camadeira.com\/index.php?rest_route=%2Fwp%2Fv2%2Fcategories&post=2198"},{"taxonomy":"post_tag","embeddable":true,"href":"http:\/\/trail.camadeira.com\/index.php?rest_route=%2Fwp%2Fv2%2Ftags&post=2198"}],"curies":[{"name":"wp","href":"https:\/\/api.w.org\/{rel}","templated":true}]}}