{"id":2193,"date":"2017-10-23T14:17:35","date_gmt":"2017-10-23T13:17:35","guid":{"rendered":"http:\/\/trail.camadeira.com\/?p=2193"},"modified":"2017-10-31T14:41:04","modified_gmt":"2017-10-31T13:41:04","slug":"filipe-custodio-e-marco-ramos-participam-no-ultra-trail-aldeias-do-xisto-utax","status":"publish","type":"post","link":"http:\/\/trail.camadeira.com\/?p=2193","title":{"rendered":"Filipe Cust\u00f3dio e Marco Ramos participam no Ultra Trail Aldeias do Xisto &#8211; UTAX"},"content":{"rendered":"<p>O Ultra Trail Aldeias do Xisto &#8211; UTAX decorreu nos dias 20, 21 e 22 de Outubro de 2017 e contou a presen\u00e7a de dois atletas que representam o Clube Aventura da Madeira na modalidade de Atletismo-Trail Running. A prova teve o seu centro log\u00edstico na Lous\u00e3. Os dois atletas participaram na dist\u00e2ncia principal do evento, com 110km e 5300m D+.<br \/>\nFilipe Cust\u00f3dio conseguiu concluir mais uma ultra, neste evento, pela primeira vez a prova principal, em mais um excelente exerc\u00edcio de supera\u00e7\u00e3o feito em 23:23:28. Marco Ramos viu-se for\u00e7ado a desistir quando j\u00e1 tinha percorrido 100km, no entanto, problemas f\u00edsicos que colocavam em causa a sua integridade f\u00edsica impediram a conclus\u00e3o da prova.<br \/>\n<a href=\"http:\/\/trail.camadeira.com\/wp-content\/uploads\/2017\/10\/filipe-cust\u00f3dio-800x445.jpg\"><img loading=\"lazy\" class=\"aligncenter size-full wp-image-2194\" src=\"http:\/\/trail.camadeira.com\/wp-content\/uploads\/2017\/10\/filipe-cust\u00f3dio-800x445.jpg\" alt=\"filipe-cust\u00f3dio-800x445\" width=\"800\" height=\"445\" srcset=\"http:\/\/trail.camadeira.com\/wp-content\/uploads\/2017\/10\/filipe-cust\u00f3dio-800x445.jpg 800w, http:\/\/trail.camadeira.com\/wp-content\/uploads\/2017\/10\/filipe-cust\u00f3dio-800x445-300x167.jpg 300w\" sizes=\"(max-width: 800px) 100vw, 800px\" \/><\/a><\/p>\n<p>&nbsp;<\/p>\n<div id=\"attachment_2195\" style=\"width: 960px\" class=\"wp-caption aligncenter\"><a href=\"http:\/\/trail.camadeira.com\/wp-content\/uploads\/2017\/10\/22552797_1406245306168316_1460383379955516934_n.jpg\"><img aria-describedby=\"caption-attachment-2195\" loading=\"lazy\" class=\"wp-image-2195 size-full\" src=\"http:\/\/trail.camadeira.com\/wp-content\/uploads\/2017\/10\/22552797_1406245306168316_1460383379955516934_n.jpg\" alt=\"22552797_1406245306168316_1460383379955516934_n\" width=\"960\" height=\"640\" srcset=\"http:\/\/trail.camadeira.com\/wp-content\/uploads\/2017\/10\/22552797_1406245306168316_1460383379955516934_n.jpg 960w, http:\/\/trail.camadeira.com\/wp-content\/uploads\/2017\/10\/22552797_1406245306168316_1460383379955516934_n-300x200.jpg 300w\" sizes=\"(max-width: 960px) 100vw, 960px\" \/><\/a><p id=\"caption-attachment-2195\" class=\"wp-caption-text\">Marco Ramos<\/p><\/div>\n","protected":false},"excerpt":{"rendered":"<p>O Ultra Trail Aldeias do Xisto &#8211; UTAX decorreu nos dias 20, 21 e 22 de Outubro de 2017 e contou a presen\u00e7a de dois atletas que representam o Clube Aventura da Madeira na modalidade de Atletismo-Trail Running. A prova teve o seu centro log\u00edstico na Lous\u00e3. Os dois atletas participaram na dist\u00e2ncia principal do &hellip; <\/p>\n<p><a class=\"more-link btn\" href=\"http:\/\/trail.camadeira.com\/?p=2193\">Continue a ler<\/a><\/p>\n","protected":false},"author":1,"featured_media":0,"comment_status":"closed","ping_status":"closed","sticky":false,"template":"","format":"standard","meta":[],"categories":[1],"tags":[],"_links":{"self":[{"href":"http:\/\/trail.camadeira.com\/index.php?rest_route=\/wp\/v2\/posts\/2193"}],"collection":[{"href":"http:\/\/trail.camadeira.com\/index.php?rest_route=\/wp\/v2\/posts"}],"about":[{"href":"http:\/\/trail.camadeira.com\/index.php?rest_route=\/wp\/v2\/types\/post"}],"author":[{"embeddable":true,"href":"http:\/\/trail.camadeira.com\/index.php?rest_route=\/wp\/v2\/users\/1"}],"replies":[{"embeddable":true,"href":"http:\/\/trail.camadeira.com\/index.php?rest_route=%2Fwp%2Fv2%2Fcomments&post=2193"}],"version-history":[{"count":2,"href":"http:\/\/trail.camadeira.com\/index.php?rest_route=\/wp\/v2\/posts\/2193\/revisions"}],"predecessor-version":[{"id":2197,"href":"http:\/\/trail.camadeira.com\/index.php?rest_route=\/wp\/v2\/posts\/2193\/revisions\/2197"}],"wp:attachment":[{"href":"http:\/\/trail.camadeira.com\/index.php?rest_route=%2Fwp%2Fv2%2Fmedia&parent=2193"}],"wp:term":[{"taxonomy":"category","embeddable":true,"href":"http:\/\/trail.camadeira.com\/index.php?rest_route=%2Fwp%2Fv2%2Fcategories&post=2193"},{"taxonomy":"post_tag","embeddable":true,"href":"http:\/\/trail.camadeira.com\/index.php?rest_route=%2Fwp%2Fv2%2Ftags&post=2193"}],"curies":[{"name":"wp","href":"https:\/\/api.w.org\/{rel}","templated":true}]}}