{"id":2151,"date":"2017-07-25T16:07:05","date_gmt":"2017-07-25T15:07:05","guid":{"rendered":"http:\/\/trail.camadeira.com\/?p=2151"},"modified":"2017-07-25T23:03:29","modified_gmt":"2017-07-25T22:03:29","slug":"clube-aventura-da-madeira-no-trail-porto-da-cruz-natura","status":"publish","type":"post","link":"http:\/\/trail.camadeira.com\/?p=2151","title":{"rendered":"Clube Aventura da Madeira representado no Trail Porto da Cruz Natura"},"content":{"rendered":"<p><a href=\"http:\/\/trail.camadeira.com\/wp-content\/uploads\/2017\/07\/20292889_1931068700501064_615511397789055382_n.jpg\"><img loading=\"lazy\" class=\"aligncenter size-full wp-image-2162\" src=\"http:\/\/trail.camadeira.com\/wp-content\/uploads\/2017\/07\/20292889_1931068700501064_615511397789055382_n.jpg\" alt=\"20292889_1931068700501064_615511397789055382_n\" width=\"960\" height=\"640\" srcset=\"http:\/\/trail.camadeira.com\/wp-content\/uploads\/2017\/07\/20292889_1931068700501064_615511397789055382_n.jpg 960w, http:\/\/trail.camadeira.com\/wp-content\/uploads\/2017\/07\/20292889_1931068700501064_615511397789055382_n-300x200.jpg 300w\" sizes=\"(max-width: 960px) 100vw, 960px\" \/><\/a><\/p>\n<p>Tim\u00f3teo Sousa na parte final da subida a caminho do Poiso &#8211; Imagem de autoria de Vitor Freitas<\/p>\n<p>Tim\u00f3teo Sousa, Andr\u00e9 Ca\u00edres, Jos\u00e9 Ribeiro, Jo\u00e3o Mendon\u00e7a e Nadia Meroni venceram a dist\u00e2ncia principal com 48km e cerca de 3000m de desn\u00edvel positivo, em mais uma boa presta\u00e7\u00e3o individual e coletiva dos atletas que representam o Clube Aventura da Madeira no Trail Porto da Cruz Natura, prova pontu\u00e1vel para o circuito regional (AARAM) e nacional (ATRP).<\/p>\n<p><a href=\"http:\/\/trail.camadeira.com\/wp-content\/uploads\/2017\/07\/20245954_1417240031659231_3894058236109976433_n.jpg\"><img loading=\"lazy\" class=\"aligncenter size-full wp-image-2163\" src=\"http:\/\/trail.camadeira.com\/wp-content\/uploads\/2017\/07\/20245954_1417240031659231_3894058236109976433_n.jpg\" alt=\"20245954_1417240031659231_3894058236109976433_n\" width=\"960\" height=\"720\" srcset=\"http:\/\/trail.camadeira.com\/wp-content\/uploads\/2017\/07\/20245954_1417240031659231_3894058236109976433_n.jpg 960w, http:\/\/trail.camadeira.com\/wp-content\/uploads\/2017\/07\/20245954_1417240031659231_3894058236109976433_n-300x225.jpg 300w\" sizes=\"(max-width: 960px) 100vw, 960px\" \/><\/a><\/p>\n<p>Leonardo Diogo pr\u00f3ximo da meta, a caminho do 3.\u00ba lugar absoluto na prova de 22km &#8211; Imagem de autoria de Leandro Sousa<\/p>\n<p>A prova de 22km contou com a excelente presta\u00e7\u00e3o de Leonardo Diogo que foi 3.\u00ba da geral e 1.\u00ba no escal\u00e3o M40, Jos\u00e9 Faria venceu no escal\u00e3o M60, tendo Gon\u00e7alo R. Gon\u00e7alves terminado na 86.\u00aa posi\u00e7\u00e3o.<\/p>\n<p>Na prova de 10km destaque para o Trail runner do Clube Aventura da Madeira, Urbano Faria no 8.\u00ba lugar da classifica\u00e7\u00e3o geral e 5.\u00ba no escal\u00e3o S\u00e9nior. Participaram ainda Stefano Fernandes e Dario Abreu.<\/p>\n<p>Resultados dos Atletas do Clube Aventura da Madeira no Trail 48km 3000m D+<\/p>\n<table>\n<tbody>\n<tr>\n<td style=\"text-align: center;\" width=\"113\">Atleta<\/td>\n<td style=\"text-align: center;\" width=\"68\">Peitoral<\/td>\n<td style=\"text-align: center;\" width=\"113\">Class. Geral<\/td>\n<td style=\"text-align: center;\" width=\"113\">Class. Escal\u00e3o<\/td>\n<td style=\"text-align: center;\" width=\"113\">Tempo<\/td>\n<\/tr>\n<tr>\n<td width=\"113\">Tim\u00f3teo Sousa<\/td>\n<td style=\"text-align: center;\" width=\"68\">66<\/td>\n<td style=\"text-align: center;\" width=\"113\">26.\u00ba<\/td>\n<td style=\"text-align: center;\" width=\"113\">16.\u00ba<\/td>\n<td style=\"text-align: center;\" width=\"113\">06:10:29<\/td>\n<\/tr>\n<tr>\n<td width=\"113\">Andr\u00e9 Ca\u00edres<\/td>\n<td style=\"text-align: center;\" width=\"68\">99<\/td>\n<td style=\"text-align: center;\" width=\"113\">29.\u00ba<\/td>\n<td style=\"text-align: center;\" width=\"113\">17.\u00ba<\/td>\n<td style=\"text-align: center;\" width=\"113\">06:21:45<\/td>\n<\/tr>\n<tr>\n<td width=\"113\">Jos\u00e9 Ribeiro<\/td>\n<td style=\"text-align: center;\" width=\"68\">75<\/td>\n<td style=\"text-align: center;\" width=\"113\">40.\u00ba<\/td>\n<td style=\"text-align: center;\" width=\"113\">2.\u00ba<\/td>\n<td style=\"text-align: center;\" width=\"113\">06:44:36<\/td>\n<\/tr>\n<tr>\n<td width=\"113\">Jo\u00e3o Mendon\u00e7a<\/td>\n<td style=\"text-align: center;\" width=\"68\">92<\/td>\n<td style=\"text-align: center;\" width=\"113\">68.\u00ba<\/td>\n<td style=\"text-align: center;\" width=\"113\">6.\u00ba<\/td>\n<td style=\"text-align: center;\" width=\"113\">07:16:20<\/td>\n<\/tr>\n<tr>\n<td width=\"113\">Nadia Meroni<\/td>\n<td style=\"text-align: center;\" width=\"68\">33<\/td>\n<td style=\"text-align: center;\" width=\"113\">88.\u00ba<\/td>\n<td style=\"text-align: center;\" width=\"113\">4.\u00aa<\/td>\n<td style=\"text-align: center;\" width=\"113\">08:17:19<\/td>\n<\/tr>\n<\/tbody>\n<\/table>\n<p>&nbsp;<\/p>\n<p>Resultados dos Atletas do Clube Aventura da Madeira no Trail 48km 3000m D+<\/p>\n<table width=\"0\">\n<tbody>\n<tr>\n<td style=\"text-align: center;\" width=\"145\">Atleta<\/td>\n<td style=\"text-align: center;\" width=\"113\">Peitoral<\/td>\n<td style=\"text-align: center;\" width=\"113\">Class. Geral<\/td>\n<td style=\"text-align: center;\" width=\"113\">Class. Escal\u00e3o<\/td>\n<td style=\"text-align: center;\" width=\"113\">Tempo<\/td>\n<\/tr>\n<tr>\n<td width=\"145\">Leonardo Diogo<\/td>\n<td style=\"text-align: center;\" width=\"113\">202<\/td>\n<td style=\"text-align: center;\" width=\"113\">3.\u00ba<\/td>\n<td style=\"text-align: center;\" width=\"113\">1.\u00ba<\/td>\n<td style=\"text-align: center;\" width=\"113\">01:54:45<\/td>\n<\/tr>\n<tr>\n<td width=\"145\">Jos\u00e9 Faria<\/td>\n<td style=\"text-align: center;\" width=\"113\">257<\/td>\n<td style=\"text-align: center;\" width=\"113\">78.\u00ba<\/td>\n<td style=\"text-align: center;\" width=\"113\">1.\u00ba<\/td>\n<td style=\"text-align: center;\" width=\"113\">02:45:24<\/td>\n<\/tr>\n<tr>\n<td width=\"145\">Gon\u00e7alo R. Gon\u00e7alves<\/td>\n<td style=\"text-align: center;\" width=\"113\">315<\/td>\n<td style=\"text-align: center;\" width=\"113\">86.\u00ba<\/td>\n<td style=\"text-align: center;\" width=\"113\">48.\u00ba<\/td>\n<td style=\"text-align: center;\" width=\"113\">02:48:51<\/td>\n<\/tr>\n<\/tbody>\n<\/table>\n<p>&nbsp;<\/p>\n<p>Resultados dos Atletas do Clube Aventura da Madeira no Trail 48km 3000m D+<\/p>\n<table width=\"0\">\n<tbody>\n<tr>\n<td style=\"text-align: center;\" width=\"129\">Atleta<\/td>\n<td style=\"text-align: center;\" width=\"113\">Peitoral<\/td>\n<td style=\"text-align: center;\" width=\"113\">Class. Geral<\/td>\n<td style=\"text-align: center;\" width=\"113\">Class. Escal\u00e3o<\/td>\n<td style=\"text-align: center;\" width=\"113\">Tempo<\/td>\n<\/tr>\n<tr>\n<td width=\"129\">Urbano Faria<\/td>\n<td style=\"text-align: center;\" width=\"113\">689<\/td>\n<td style=\"text-align: center;\" width=\"113\">8.\u00ba<\/td>\n<td style=\"text-align: center;\" width=\"113\">5.\u00ba<\/td>\n<td style=\"text-align: center;\" width=\"113\">00:56:55<\/td>\n<\/tr>\n<tr>\n<td width=\"129\">Stefano Fernandes<\/td>\n<td style=\"text-align: center;\" width=\"113\">681<\/td>\n<td style=\"text-align: center;\" width=\"113\">26.\u00ba<\/td>\n<td style=\"text-align: center;\" width=\"113\">12.\u00ba<\/td>\n<td style=\"text-align: center;\" width=\"113\">01:01:24<\/td>\n<\/tr>\n<tr>\n<td width=\"129\">Dario Abreu<\/td>\n<td style=\"text-align: center;\" width=\"113\">593<\/td>\n<td style=\"text-align: center;\" width=\"113\">86.\u00ba<\/td>\n<td style=\"text-align: center;\" width=\"113\">10.\u00ba<\/td>\n<td style=\"text-align: center;\" width=\"113\">01:14:14<\/td>\n<\/tr>\n<\/tbody>\n<\/table>\n","protected":false},"excerpt":{"rendered":"<p>Tim\u00f3teo Sousa na parte final da subida a caminho do Poiso &#8211; Imagem de autoria de Vitor Freitas Tim\u00f3teo Sousa, Andr\u00e9 Ca\u00edres, Jos\u00e9 Ribeiro, Jo\u00e3o Mendon\u00e7a e Nadia Meroni venceram a dist\u00e2ncia principal com 48km e cerca de 3000m de desn\u00edvel positivo, em mais uma boa presta\u00e7\u00e3o individual e coletiva dos atletas que representam o &hellip; <\/p>\n<p><a class=\"more-link btn\" href=\"http:\/\/trail.camadeira.com\/?p=2151\">Continue a ler<\/a><\/p>\n","protected":false},"author":1,"featured_media":0,"comment_status":"closed","ping_status":"closed","sticky":false,"template":"","format":"standard","meta":[],"categories":[1],"tags":[],"_links":{"self":[{"href":"http:\/\/trail.camadeira.com\/index.php?rest_route=\/wp\/v2\/posts\/2151"}],"collection":[{"href":"http:\/\/trail.camadeira.com\/index.php?rest_route=\/wp\/v2\/posts"}],"about":[{"href":"http:\/\/trail.camadeira.com\/index.php?rest_route=\/wp\/v2\/types\/post"}],"author":[{"embeddable":true,"href":"http:\/\/trail.camadeira.com\/index.php?rest_route=\/wp\/v2\/users\/1"}],"replies":[{"embeddable":true,"href":"http:\/\/trail.camadeira.com\/index.php?rest_route=%2Fwp%2Fv2%2Fcomments&post=2151"}],"version-history":[{"count":8,"href":"http:\/\/trail.camadeira.com\/index.php?rest_route=\/wp\/v2\/posts\/2151\/revisions"}],"predecessor-version":[{"id":2165,"href":"http:\/\/trail.camadeira.com\/index.php?rest_route=\/wp\/v2\/posts\/2151\/revisions\/2165"}],"wp:attachment":[{"href":"http:\/\/trail.camadeira.com\/index.php?rest_route=%2Fwp%2Fv2%2Fmedia&parent=2151"}],"wp:term":[{"taxonomy":"category","embeddable":true,"href":"http:\/\/trail.camadeira.com\/index.php?rest_route=%2Fwp%2Fv2%2Fcategories&post=2151"},{"taxonomy":"post_tag","embeddable":true,"href":"http:\/\/trail.camadeira.com\/index.php?rest_route=%2Fwp%2Fv2%2Ftags&post=2151"}],"curies":[{"name":"wp","href":"https:\/\/api.w.org\/{rel}","templated":true}]}}