{"id":214,"date":"2010-06-28T18:56:24","date_gmt":"2010-06-28T17:56:24","guid":{"rendered":"http:\/\/trail.camadeira.com\/?p=214"},"modified":"2010-06-28T19:00:46","modified_gmt":"2010-06-28T18:00:46","slug":"ultra-trail-atlas-toubkal","status":"publish","type":"post","link":"http:\/\/trail.camadeira.com\/?p=214","title":{"rendered":"Ultra Trail Atlas Toubkal"},"content":{"rendered":"<p>Pr\u00f3ximo dia 1 de Julho, decorrer\u00e1 em Marrocos a 2\u00aa edi\u00e7\u00e3o do Ultra Trail Atlas Toubkal (UTAT).<\/p>\n<p>A prova ser\u00e1 no maci\u00e7o montanhoso do Atlas, num circuito \u00e1 volta do Toubkal que tem como partida e meta na famosa esta\u00e7\u00e3o de esqui Ouka\u00efmeden (2620 m). O percurso conta com in\u00fameras passagens acima dos 3000 metros de altitude, sendo o ponto mais lato de passagem o Col Tizi N&#8217;Tarharate (3456m) um pouco acima da aldeia Imil, que \u00e9 o campo base para a ascen\u00e7\u00e3o do Toubkal (4167m). Ao longo do percurso, os atletas atravessar\u00e3o dezenas de aldeia Berberes, aut\u00eanticas raridades, de uma cultura ancestral bem conservada.<\/p>\n<p>Com in\u00edco \u00e1s 5 horas da manh\u00e3 do dia 1, os atletas ent\u00e3o ter\u00e3o que completar os 105km&#8217;s com 6500m de desn\u00edvel positivo acumulado em menos de 40 horas,\u00a0 num\u00a0 percurso muito t\u00e9cnico, com um terreno quase sempre irregular e inclina\u00e7\u00f5es acentudas.<\/p>\n<p style=\"text-align: center;\"><a href=\"http:\/\/trail.camadeira.com\/wp-content\/uploads\/2009\/09\/57433.jpg\"><img loading=\"lazy\" class=\"aligncenter size-large wp-image-53\" title=\"57433\" src=\"http:\/\/trail.camadeira.com\/wp-content\/uploads\/2009\/09\/57433-1024x682.jpg\" alt=\"\" width=\"614\" height=\"409\" \/><\/a><\/p>\n<p><a href=\"http:\/\/trail.camadeira.com\/wp-content\/uploads\/2009\/09\/57433.jpg\"><br \/>\n<\/a><\/p>\n<p>Os atletas do Clube Aventura da Madeira, Gon\u00e7alo Silva e Pedro Alves, ir\u00e3o estar (mais uma vez) juntos \u00e1 partida desta prova. Esta participa\u00e7\u00e3o surge essencialmente como prepara\u00e7\u00e3o para o Tor des Geants nos Alpes Italianos em Setembro, pelo que o objectivo ser\u00e1 apenas terminar para dar alguma &#8220;rodagem&#8221; \u00e1s pernas e afinar pormenores de gest\u00e3o da corrida, nomeadamente alimenta\u00e7\u00e3o e hidrata\u00e7\u00e3o, esfor\u00e7o&#8230;<\/p>\n<p>Segundo Gon\u00e7alo Silva, &#8220;Esta prova \u00e9 o ideal para a nossa prepara\u00e7\u00e3o para o Tor des Geants, por muito aspectos, come\u00e7ando pela longa exposi\u00e7\u00e3o \u00e1 altitude, acima dos 3000, que ser\u00e1 sem d\u00favida a maior dificuldade a encontrar tendo em conta o esfor\u00e7o que vamos estar sujeitos. A tecnicidade do terreno vai ser tamb\u00e9m relevante, pois trata-se maioritariamente de um terreno muito acidentado com muitas rochas, que diminuir\u00e1 significativamente o ritmo, mas que nos obrigar\u00e1 a ter um cuidado redobrado para n\u00e3o termos alguma les\u00e3o. A alimenta\u00e7\u00e3o\/hidrata\u00e7\u00e3o ter\u00e1 que ser muito bem gerida tamb\u00e9m, pois s\u00e3o esperadas temperaturas elevadas (como na Transgrancanaria em 2008, que foi bem dif\u00edcil) e a dist\u00e2ncia entre os abastecimentos ainda \u00e9 relativamente grande e como obrigat\u00f3rio, a organiza\u00e7\u00e3o exige que tenhamos \u00e0 partida no m\u00ednimo 10000 calorias em alimenta\u00e7\u00e3o e pastilhas de desinfecta\u00e7\u00e3o de \u00e1gua, para algumas fontes entre os abastecimentos&#8230; tr\u00eas elementos estes, que s\u00e3o essenciais afinar a sua gest\u00e3o para o Tor des Geant, \u00e0 parte da dist\u00e2ncia que ent\u00e3o ser\u00e1 mais que o triplo. O objectivo ent\u00e3o, \u00e9 apenas chegar ao fim\u00a0 avaliando as nossas condi\u00e7\u00f5es fis\u00edcas e mentais com o aumento da dist\u00e2ncia e cansa\u00e7o, e \u00e9 claro disfrutar das paisagens \u00fanicas que vamos ter o privel\u00e9gio de atravessar.&#8221;<\/p>\n<p><a href=\"http:\/\/www.youtube.com\/watch?v=h77_sYrLhF8\" target=\"_blank\">VIDEO APRESENTA\u00c7\u00c3O<\/a><\/p>\n<p><a href=\"http:\/\/www.traildutoubkal.com\/\" target=\"_blank\">SITE DA PROVA<\/a><\/p>\n","protected":false},"excerpt":{"rendered":"<p>Pr\u00f3ximo dia 1 de Julho, decorrer\u00e1 em Marrocos a 2\u00aa edi\u00e7\u00e3o do Ultra Trail Atlas Toubkal (UTAT). A prova ser\u00e1 no maci\u00e7o montanhoso do Atlas, num circuito \u00e1 volta do Toubkal que tem como partida e meta na famosa esta\u00e7\u00e3o de esqui Ouka\u00efmeden (2620 m). O percurso conta com in\u00fameras passagens acima dos 3000 metros &hellip; <\/p>\n<p><a class=\"more-link btn\" href=\"http:\/\/trail.camadeira.com\/?p=214\">Continue a ler<\/a><\/p>\n","protected":false},"author":1,"featured_media":0,"comment_status":"open","ping_status":"open","sticky":false,"template":"","format":"standard","meta":[],"categories":[5,1],"tags":[],"_links":{"self":[{"href":"http:\/\/trail.camadeira.com\/index.php?rest_route=\/wp\/v2\/posts\/214"}],"collection":[{"href":"http:\/\/trail.camadeira.com\/index.php?rest_route=\/wp\/v2\/posts"}],"about":[{"href":"http:\/\/trail.camadeira.com\/index.php?rest_route=\/wp\/v2\/types\/post"}],"author":[{"embeddable":true,"href":"http:\/\/trail.camadeira.com\/index.php?rest_route=\/wp\/v2\/users\/1"}],"replies":[{"embeddable":true,"href":"http:\/\/trail.camadeira.com\/index.php?rest_route=%2Fwp%2Fv2%2Fcomments&post=214"}],"version-history":[{"count":5,"href":"http:\/\/trail.camadeira.com\/index.php?rest_route=\/wp\/v2\/posts\/214\/revisions"}],"predecessor-version":[{"id":217,"href":"http:\/\/trail.camadeira.com\/index.php?rest_route=\/wp\/v2\/posts\/214\/revisions\/217"}],"wp:attachment":[{"href":"http:\/\/trail.camadeira.com\/index.php?rest_route=%2Fwp%2Fv2%2Fmedia&parent=214"}],"wp:term":[{"taxonomy":"category","embeddable":true,"href":"http:\/\/trail.camadeira.com\/index.php?rest_route=%2Fwp%2Fv2%2Fcategories&post=214"},{"taxonomy":"post_tag","embeddable":true,"href":"http:\/\/trail.camadeira.com\/index.php?rest_route=%2Fwp%2Fv2%2Ftags&post=214"}],"curies":[{"name":"wp","href":"https:\/\/api.w.org\/{rel}","templated":true}]}}