{"id":211,"date":"2010-06-27T01:25:22","date_gmt":"2010-06-27T00:25:22","guid":{"rendered":"http:\/\/trail.camadeira.com\/?p=211"},"modified":"2010-06-27T01:26:31","modified_gmt":"2010-06-27T00:26:31","slug":"ultra-trail-da-serra-da-freita-2010","status":"publish","type":"post","link":"http:\/\/trail.camadeira.com\/?p=211","title":{"rendered":"Ultra Trail da Serra da Freita 2010"},"content":{"rendered":"<p><a href=\"http:\/\/trail.camadeira.com\/wp-content\/uploads\/2010\/03\/IMG00052-20100306-0902.jpg\"><img loading=\"lazy\" class=\"alignright size-medium wp-image-184\" title=\"IMG00052-20100306-0902\" src=\"http:\/\/trail.camadeira.com\/wp-content\/uploads\/2010\/03\/IMG00052-20100306-0902-300x224.jpg\" alt=\"\" width=\"300\" height=\"224\" \/><\/a><\/p>\n<p>Realiza-se a 27 de Junho (domingo) o Ultra Trail da Serra da Freita, com in\u00edcio e fim no Parque de Campismo do Merujal (Serra da Freita) a prova este ano conta com uma dist\u00e2ncia de 70 km&#8217;s e 4200m D+.<br \/>\nA partida ser\u00e1 \u00e1s 5h da manh\u00e3, com 3 controlos interm\u00e9dios de tempo ao longo do percurso e um tempo m\u00e1ximo de 15 horas para a conclus\u00e3o da mesma.<br \/>\nPedro Alves, Clube Aventura da Madeira, ir\u00e1 fazer a sua estreia na prova. O atleta afirma que n\u00e3o ir\u00e1 para fazer um bom resultado, preocupando-se apenas em seguir a um ritmo moderado sem que lhe cause algum problema f\u00edsico, visto que apenas 2 dias depois, ir\u00e1 se juntar ao outro atleta do CAMadeira, Gon\u00e7alo Silva, e participar no Ultra Trail do Atlas Toubkal em Marrocos no pr\u00f3ximo dia 1.<\/p>\n","protected":false},"excerpt":{"rendered":"<p>Realiza-se a 27 de Junho (domingo) o Ultra Trail da Serra da Freita, com in\u00edcio e fim no Parque de Campismo do Merujal (Serra da Freita) a prova este ano conta com uma dist\u00e2ncia de 70 km&#8217;s e 4200m D+. A partida ser\u00e1 \u00e1s 5h da manh\u00e3, com 3 controlos interm\u00e9dios de tempo ao longo &hellip; <\/p>\n<p><a class=\"more-link btn\" href=\"http:\/\/trail.camadeira.com\/?p=211\">Continue a ler<\/a><\/p>\n","protected":false},"author":1,"featured_media":0,"comment_status":"open","ping_status":"open","sticky":false,"template":"","format":"standard","meta":[],"categories":[5],"tags":[],"_links":{"self":[{"href":"http:\/\/trail.camadeira.com\/index.php?rest_route=\/wp\/v2\/posts\/211"}],"collection":[{"href":"http:\/\/trail.camadeira.com\/index.php?rest_route=\/wp\/v2\/posts"}],"about":[{"href":"http:\/\/trail.camadeira.com\/index.php?rest_route=\/wp\/v2\/types\/post"}],"author":[{"embeddable":true,"href":"http:\/\/trail.camadeira.com\/index.php?rest_route=\/wp\/v2\/users\/1"}],"replies":[{"embeddable":true,"href":"http:\/\/trail.camadeira.com\/index.php?rest_route=%2Fwp%2Fv2%2Fcomments&post=211"}],"version-history":[{"count":2,"href":"http:\/\/trail.camadeira.com\/index.php?rest_route=\/wp\/v2\/posts\/211\/revisions"}],"predecessor-version":[{"id":213,"href":"http:\/\/trail.camadeira.com\/index.php?rest_route=\/wp\/v2\/posts\/211\/revisions\/213"}],"wp:attachment":[{"href":"http:\/\/trail.camadeira.com\/index.php?rest_route=%2Fwp%2Fv2%2Fmedia&parent=211"}],"wp:term":[{"taxonomy":"category","embeddable":true,"href":"http:\/\/trail.camadeira.com\/index.php?rest_route=%2Fwp%2Fv2%2Fcategories&post=211"},{"taxonomy":"post_tag","embeddable":true,"href":"http:\/\/trail.camadeira.com\/index.php?rest_route=%2Fwp%2Fv2%2Ftags&post=211"}],"curies":[{"name":"wp","href":"https:\/\/api.w.org\/{rel}","templated":true}]}}