{"id":2058,"date":"2017-04-28T01:06:10","date_gmt":"2017-04-28T00:06:10","guid":{"rendered":"http:\/\/trail.camadeira.com\/?p=2058"},"modified":"2017-04-28T23:59:48","modified_gmt":"2017-04-28T22:59:48","slug":"clube-aventura-da-madeira-representado-no-madeira-island-ultra-trail","status":"publish","type":"post","link":"http:\/\/trail.camadeira.com\/?p=2058","title":{"rendered":"Clube Aventura da Madeira muito bem representado no Madeira Island Ultra Trail 2017"},"content":{"rendered":"<p>Decorreu no passado fim-de-semana o <strong>Madeira Island Ultra Trail<\/strong>, 22 e 23 de Abril de 2017, com o percurso principal entre o Porto Moniz e Machico, com<strong> 115km e 7100m D+,<\/strong> pontu\u00e1vel para o Utra Trail World Tour. A prova contou com cerca de 2500 participantes e assumiu-se como um dos maiores e o mais internacional dos eventos de Trail Running de Portugal.<\/p>\n<p><strong>Andr\u00e9 Ca\u00edres, Tim\u00f3teo Sousa, Jos\u00e9 Ribeiro, Lu\u00eds Rodrigues, Pedro Silva, Nadia Meroni e Jo\u00e3o Mendon\u00e7a foram os atletas que representaram o Clube Aventura da Madeira no grande desafio do MIUT 115km e conseguirem concluir a prova.<\/strong><\/p>\n<div id=\"attachment_2064\" style=\"width: 960px\" class=\"wp-caption aligncenter\"><a href=\"http:\/\/trail.camadeira.com\/wp-content\/uploads\/2017\/04\/18057978_1243351519124363_7622954959214352578_n.jpg\"><img aria-describedby=\"caption-attachment-2064\" loading=\"lazy\" class=\"wp-image-2064 size-full\" src=\"http:\/\/trail.camadeira.com\/wp-content\/uploads\/2017\/04\/18057978_1243351519124363_7622954959214352578_n.jpg\" alt=\"18057978_1243351519124363_7622954959214352578_n\" width=\"960\" height=\"540\" srcset=\"http:\/\/trail.camadeira.com\/wp-content\/uploads\/2017\/04\/18057978_1243351519124363_7622954959214352578_n.jpg 960w, http:\/\/trail.camadeira.com\/wp-content\/uploads\/2017\/04\/18057978_1243351519124363_7622954959214352578_n-300x169.jpg 300w\" sizes=\"(max-width: 960px) 100vw, 960px\" \/><\/a><p id=\"caption-attachment-2064\" class=\"wp-caption-text\">Andr\u00e9 Caires<\/p><\/div>\n<p>Participaram ainda Pedro Silva e Gon\u00e7alo Gon\u00e7alves que acabaram por desistir por problemas f\u00edsicos. Outros dois atletas ligados ao Clube Aventura da Madeira participaram e tiveram resultados diferentes, Filipe Cust\u00f3dio concluiu o seu segundo MIUT e Leonardo Diogo que teve um grande desempenho at\u00e9 Machico, errou numa das novas op\u00e7\u00f5es do percurso no Ribeiro Frio e foi desclassificado, quando vinha no grupo dos 20 primeiros.<\/p>\n<p>Andr\u00e9 Caires na 118.\u00aa posi\u00e7\u00e3o entre os 592 atletas que conclu\u00edram a prova de 115km e Nadia Meroni resistente a mais um MIUT percorreu os 115km em 26:22:38, destacaram-se na representa\u00e7\u00e3o do Clube Aventura da Madeira nesta dist\u00e2ncia.<\/p>\n<p><a href=\"http:\/\/trail.camadeira.com\/wp-content\/uploads\/2017\/04\/17992340_1629147307113191_6905720551266454566_n.jpg\"><img loading=\"lazy\" class=\"aligncenter size-full wp-image-2065\" src=\"http:\/\/trail.camadeira.com\/wp-content\/uploads\/2017\/04\/17992340_1629147307113191_6905720551266454566_n.jpg\" alt=\"17992340_1629147307113191_6905720551266454566_n\" width=\"960\" height=\"640\" srcset=\"http:\/\/trail.camadeira.com\/wp-content\/uploads\/2017\/04\/17992340_1629147307113191_6905720551266454566_n.jpg 960w, http:\/\/trail.camadeira.com\/wp-content\/uploads\/2017\/04\/17992340_1629147307113191_6905720551266454566_n-300x200.jpg 300w\" sizes=\"(max-width: 960px) 100vw, 960px\" \/><\/a><\/p>\n<p><strong>Resultados<\/strong><\/p>\n<p>118\u00ba\u00a0 Andr\u00e9 Caires\u00a0 CLUBE AVENTURA DA MADEIRA\u00a0\u00a0\u00a0\u00a0\u00a0\u00a0 SEN M\u00a0\u00a0\u00a0\u00a0\u00a0\u00a0\u00a0\u00a0\u00a0\u00a0 Portugal\u00a0\u00a0\u00a0\u00a0\u00a0\u00a0 20:42:29\u00a0\u00a0\u00a0\u00a0\u00a0\u00a0\u00a0\u00a0\u00a0\u00a0\u00a0 07:36:45\u00a0\u00a0\u00a0\u00a0\u00a0 Terminou<\/p>\n<p>132\u00ba\u00a0 Tim\u00f3teo Sousa CLUBE AVENTURA DA MADEIRA\u00a0\u00a0\u00a0 SEN M\u00a0\u00a0\u00a0\u00a0\u00a0\u00a0\u00a0\u00a0\u00a0\u00a0 Portugal\u00a0\u00a0\u00a0\u00a0\u00a0\u00a0 21:08:20\u00a0\u00a0\u00a0\u00a0\u00a0\u00a0\u00a0\u00a0\u00a0\u00a0\u00a0 08:02:36\u00a0\u00a0\u00a0\u00a0\u00a0 Terminou<\/p>\n<p>157\u00ba\u00a0 Jos\u00e9 Ribeiro\u00a0 CLUBE AVENTURA DA MADEIRA\u00a0\u00a0\u00a0\u00a0\u00a0\u00a0\u00a0\u00a0 M50\u00a0\u00a0 Portugal\u00a0\u00a0\u00a0\u00a0\u00a0\u00a0 21:50:55\u00a0\u00a0\u00a0\u00a0\u00a0 08:45:11\u00a0\u00a0\u00a0\u00a0\u00a0\u00a0\u00a0\u00a0\u00a0\u00a0\u00a0 Terminou<\/p>\n<p>253\u00ba\u00a0 Luis Rodrigues CLUBE AVENTURA DA MADEIRA\u00a0\u00a0\u00a0\u00a0 SEN M\u00a0\u00a0\u00a0\u00a0\u00a0\u00a0\u00a0\u00a0\u00a0\u00a0 Portugal\u00a0\u00a0\u00a0\u00a0\u00a0\u00a0 23:58:04\u00a0\u00a0\u00a0\u00a0\u00a0\u00a0\u00a0\u00a0\u00a0\u00a0\u00a0 10:52:20\u00a0\u00a0\u00a0\u00a0\u00a0 Terminou<\/p>\n<p>358\u00ba\u00a0 Pedro Silva CLUBE AVENTURA DA MADEIRA\u00a0\u00a0\u00a0\u00a0\u00a0\u00a0\u00a0\u00a0\u00a0\u00a0 SEN M\u00a0\u00a0\u00a0\u00a0\u00a0\u00a0\u00a0\u00a0\u00a0 Portugal\u00a0\u00a0\u00a0\u00a0\u00a0\u00a0 26:15:18\u00a0\u00a0\u00a0\u00a0\u00a0\u00a0\u00a0\u00a0\u00a0\u00a0\u00a0 13:09:34\u00a0\u00a0\u00a0\u00a0\u00a0 Terminou<\/p>\n<p>365\u00ba\u00a0 Nadia Meroni CLUBE AVENTURA DA MADEIRA\u00a0\u00a0\u00a0\u00a0\u00a0 F45\u00a0\u00a0\u00a0\u00a0 Portugal\u00a0\u00a0\u00a0\u00a0\u00a0\u00a0 26:22:38\u00a0\u00a0\u00a0\u00a0\u00a0 13:16:54\u00a0\u00a0\u00a0\u00a0\u00a0\u00a0\u00a0\u00a0\u00a0\u00a0\u00a0 Terminou<\/p>\n<p>446\u00ba\u00a0 Jo\u00e3o Mendon\u00e7a CLUBE AVENTURA DA MADEIRA\u00a0 M45\u00a0\u00a0 Portugal\u00a0\u00a0\u00a0\u00a0\u00a0\u00a0 28:21:06\u00a0\u00a0\u00a0\u00a0\u00a0 15:15:22\u00a0\u00a0\u00a0\u00a0\u00a0\u00a0\u00a0\u00a0\u00a0\u00a0\u00a0 Terminou<\/p>\n<p><a href=\"http:\/\/trail.camadeira.com\/wp-content\/uploads\/2017\/04\/18195143_1293895860718422_573138705657245048_n-1.jpg\"><img loading=\"lazy\" class=\"aligncenter size-full wp-image-2066\" src=\"http:\/\/trail.camadeira.com\/wp-content\/uploads\/2017\/04\/18195143_1293895860718422_573138705657245048_n-1.jpg\" alt=\"18195143_1293895860718422_573138705657245048_n (1)\" width=\"640\" height=\"960\" srcset=\"http:\/\/trail.camadeira.com\/wp-content\/uploads\/2017\/04\/18195143_1293895860718422_573138705657245048_n-1.jpg 640w, http:\/\/trail.camadeira.com\/wp-content\/uploads\/2017\/04\/18195143_1293895860718422_573138705657245048_n-1-200x300.jpg 200w\" sizes=\"(max-width: 640px) 100vw, 640px\" \/><\/a><\/p>\n<p><strong>\u00a0<a href=\"http:\/\/trail.camadeira.com\/wp-content\/uploads\/2017\/04\/17991996_1315729845177062_1503795559186461254_n.jpg\"><img loading=\"lazy\" class=\"aligncenter size-full wp-image-2069\" src=\"http:\/\/trail.camadeira.com\/wp-content\/uploads\/2017\/04\/17991996_1315729845177062_1503795559186461254_n.jpg\" alt=\"17991996_1315729845177062_1503795559186461254_n\" width=\"480\" height=\"320\" srcset=\"http:\/\/trail.camadeira.com\/wp-content\/uploads\/2017\/04\/17991996_1315729845177062_1503795559186461254_n.jpg 480w, http:\/\/trail.camadeira.com\/wp-content\/uploads\/2017\/04\/17991996_1315729845177062_1503795559186461254_n-300x200.jpg 300w\" sizes=\"(max-width: 480px) 100vw, 480px\" \/><\/a> <a href=\"http:\/\/trail.camadeira.com\/wp-content\/uploads\/2017\/04\/18056648_1691052267577065_8020966253706676293_n.jpg\"><img loading=\"lazy\" class=\"aligncenter size-full wp-image-2070\" src=\"http:\/\/trail.camadeira.com\/wp-content\/uploads\/2017\/04\/18056648_1691052267577065_8020966253706676293_n.jpg\" alt=\"18056648_1691052267577065_8020966253706676293_n\" width=\"960\" height=\"640\" srcset=\"http:\/\/trail.camadeira.com\/wp-content\/uploads\/2017\/04\/18056648_1691052267577065_8020966253706676293_n.jpg 960w, http:\/\/trail.camadeira.com\/wp-content\/uploads\/2017\/04\/18056648_1691052267577065_8020966253706676293_n-300x200.jpg 300w\" sizes=\"(max-width: 960px) 100vw, 960px\" \/><\/a><\/strong><\/p>\n<p><strong>Miut Marathon 42km 1200m D+<\/strong><\/p>\n<p><strong>Jos\u00e9 Faria, V\u00edtor Marques, Jo\u00e3o Soares, Edson Pereira, Rosalina Gouveia e Manuel N\u00f3ia correram pelo Clube Aventura da Madeira<\/strong><\/p>\n<p>A dist\u00e2ncia Marathon do MIUT partiu pela primeira vez na zona da Ribeira das Cales, subindo at\u00e9 ao Pico do Areeiro onde seguiu o percurso at\u00e9 Machico.<\/p>\n<p>O veterano 60 Jos\u00e9 Faria conseguiu a vit\u00f3ria no seu escal\u00e3o com 05:20:56.<\/p>\n<p>Resultados Marathon MIUT 2017<\/p>\n<p>3\u00ba Jos\u00e9 Faria CLUBE AVENTURA DA MADEIRA\u00a0\u00a0\u00a0\u00a0\u00a0\u00a0\u00a0 M60\u00a0\u00a0 Portugal\u00a0\u00a0\u00a0\u00a0\u00a0\u00a0 05:20:56\u00a0\u00a0\u00a0\u00a0\u00a0 01:56:35\u00a0\u00a0\u00a0\u00a0\u00a0\u00a0\u00a0\u00a0\u00a0\u00a0\u00a0 Terminou<\/p>\n<p>157\u00ba\u00a0 Vitor Marques CLUBE AVENTURA DA MADEIRA\u00a0\u00a0\u00a0\u00a0 SEN M\u00a0\u00a0\u00a0\u00a0\u00a0\u00a0\u00a0\u00a0\u00a0\u00a0 Portugal\u00a0\u00a0\u00a0\u00a0\u00a0\u00a0 06:13:24\u00a0\u00a0\u00a0\u00a0\u00a0\u00a0\u00a0\u00a0\u00a0\u00a0\u00a0 02:49:03\u00a0\u00a0\u00a0\u00a0\u00a0 Terminou<\/p>\n<p>189\u00ba\u00a0 Jo\u00e3o Soares CLUBE AVENTURA DA MADEIRA\u00a0\u00a0\u00a0\u00a0\u00a0\u00a0\u00a0\u00a0\u00a0 M55\u00a0\u00a0 Portugal\u00a0\u00a0\u00a0\u00a0\u00a0\u00a0 06:24:12\u00a0\u00a0\u00a0\u00a0\u00a0 02:59:51\u00a0\u00a0\u00a0\u00a0\u00a0\u00a0\u00a0\u00a0\u00a0\u00a0\u00a0 Terminou<\/p>\n<p>239\u00ba\u00a0 Edson Pereira CLUBE AVENTURA DA MADEIRA\u00a0\u00a0\u00a0\u00a0\u00a0 SEN M\u00a0\u00a0\u00a0\u00a0\u00a0\u00a0\u00a0\u00a0\u00a0\u00a0 Portugal\u00a0\u00a0\u00a0\u00a0\u00a0\u00a0 06:40:03\u00a0\u00a0\u00a0\u00a0\u00a0\u00a0\u00a0\u00a0\u00a0\u00a0\u00a0 03:15:42\u00a0\u00a0\u00a0\u00a0\u00a0 Terminou<\/p>\n<p>326\u00ba\u00a0 Rosalina Gouveia CLUBE AVENTURA DA MADEIRA\u00a0\u00a0\u00a0\u00a0\u00a0\u00a0\u00a0\u00a0\u00a0\u00a0\u00a0 SEN F Portugal\u00a0\u00a0\u00a0\u00a0\u00a0\u00a0 07:10:23\u00a0\u00a0\u00a0\u00a0\u00a0\u00a0\u00a0\u00a0\u00a0\u00a0\u00a0 03:46:02\u00a0\u00a0\u00a0\u00a0\u00a0 Terminou<\/p>\n<p>337\u00ba\u00a0 Manuel Noia CLUBE AVENTURA DA MADEIRA\u00a0\u00a0\u00a0\u00a0\u00a0\u00a0\u00a0 M45\u00a0\u00a0 Portugal\u00a0\u00a0\u00a0\u00a0\u00a0\u00a0 07:18:08\u00a0\u00a0\u00a0\u00a0\u00a0 03:53:47\u00a0\u00a0\u00a0\u00a0\u00a0\u00a0\u00a0\u00a0\u00a0\u00a0\u00a0 Terminou<\/p>\n<p>&nbsp;<\/p>\n<p><strong>MIUT Mini \u00a016Km 400m D+<\/strong><\/p>\n<p>A prova mais curta do MIUT partiu do Porto da Cruz rumo a Machico percorrendo a emblem\u00e1tica vereda do Larano.<\/p>\n<p>Urbano Faria e Stefano Fernandes foram os representantes do Clube Aventura da Madeira nesta dist\u00e2ncia com os seguintes resultados:<\/p>\n<p><strong>\u00a0<\/strong>44\u00ba Urbano Faria CLUBE AVENTURA DA MADEIRA\u00a0\u00a0\u00a0\u00a0\u00a0\u00a0\u00a0\u00a0\u00a0 SEN M\u00a0\u00a0\u00a0\u00a0\u00a0\u00a0\u00a0\u00a0\u00a0\u00a0 Portugal\u00a0\u00a0\u00a0\u00a0\u00a0\u00a0 01:31:10\u00a0\u00a0\u00a0\u00a0\u00a0\u00a0\u00a0\u00a0\u00a0\u00a0\u00a0 00:18:48\u00a0\u00a0\u00a0\u00a0\u00a0 Terminou<\/p>\n<p>91\u00ba Stefano Fernandes CLUBE AVENTURA DA MADEIRA\u00a0\u00a0\u00a0\u00a0\u00a0\u00a0\u00a0\u00a0\u00a0\u00a0\u00a0 SEN M\u00a0\u00a0\u00a0\u00a0\u00a0\u00a0\u00a0\u00a0\u00a0\u00a0 Portugal\u00a0\u00a0\u00a0\u00a0\u00a0\u00a0 01:44:34\u00a0\u00a0\u00a0\u00a0\u00a0\u00a0\u00a0\u00a0\u00a0\u00a0\u00a0 00:32:12\u00a0\u00a0\u00a0\u00a0\u00a0 Terminou<\/p>\n<p>&nbsp;<\/p>\n<p>Cr\u00e9ditos fotograficos de Prozis, Aur\u00e9lio David, Miut, Sid\u00f3nio Jesus.<\/p>\n","protected":false},"excerpt":{"rendered":"<p>Decorreu no passado fim-de-semana o Madeira Island Ultra Trail, 22 e 23 de Abril de 2017, com o percurso principal entre o Porto Moniz e Machico, com 115km e 7100m D+, pontu\u00e1vel para o Utra Trail World Tour. A prova contou com cerca de 2500 participantes e assumiu-se como um dos maiores e o mais &hellip; <\/p>\n<p><a class=\"more-link btn\" href=\"http:\/\/trail.camadeira.com\/?p=2058\">Continue a ler<\/a><\/p>\n","protected":false},"author":1,"featured_media":0,"comment_status":"closed","ping_status":"closed","sticky":false,"template":"","format":"standard","meta":[],"categories":[1],"tags":[],"_links":{"self":[{"href":"http:\/\/trail.camadeira.com\/index.php?rest_route=\/wp\/v2\/posts\/2058"}],"collection":[{"href":"http:\/\/trail.camadeira.com\/index.php?rest_route=\/wp\/v2\/posts"}],"about":[{"href":"http:\/\/trail.camadeira.com\/index.php?rest_route=\/wp\/v2\/types\/post"}],"author":[{"embeddable":true,"href":"http:\/\/trail.camadeira.com\/index.php?rest_route=\/wp\/v2\/users\/1"}],"replies":[{"embeddable":true,"href":"http:\/\/trail.camadeira.com\/index.php?rest_route=%2Fwp%2Fv2%2Fcomments&post=2058"}],"version-history":[{"count":10,"href":"http:\/\/trail.camadeira.com\/index.php?rest_route=\/wp\/v2\/posts\/2058\/revisions"}],"predecessor-version":[{"id":2074,"href":"http:\/\/trail.camadeira.com\/index.php?rest_route=\/wp\/v2\/posts\/2058\/revisions\/2074"}],"wp:attachment":[{"href":"http:\/\/trail.camadeira.com\/index.php?rest_route=%2Fwp%2Fv2%2Fmedia&parent=2058"}],"wp:term":[{"taxonomy":"category","embeddable":true,"href":"http:\/\/trail.camadeira.com\/index.php?rest_route=%2Fwp%2Fv2%2Fcategories&post=2058"},{"taxonomy":"post_tag","embeddable":true,"href":"http:\/\/trail.camadeira.com\/index.php?rest_route=%2Fwp%2Fv2%2Ftags&post=2058"}],"curies":[{"name":"wp","href":"https:\/\/api.w.org\/{rel}","templated":true}]}}