{"id":2052,"date":"2017-03-13T05:27:26","date_gmt":"2017-03-13T04:27:26","guid":{"rendered":"http:\/\/trail.camadeira.com\/?p=2052"},"modified":"2017-03-13T05:36:25","modified_gmt":"2017-03-13T04:36:25","slug":"trail-running-pela-primeira-vez-em-sao-jorge-santana","status":"publish","type":"post","link":"http:\/\/trail.camadeira.com\/?p=2052","title":{"rendered":"Trail Running pela primeira vez em S\u00e3o Jorge \u2013 Santana"},"content":{"rendered":"<p><strong>Jos\u00e9 Ribeiro, Filipe Cust\u00f3dio e Nadia Meroni representaram o Clube Aventura da Madeira<\/strong><\/p>\n<p style=\"text-align: justify;\">O concelho de Santana mostra potencial para a corrida na natureza, com prova organizada pelo Di\u00e1rio de Noticias a levar o Trail Running \u00e0 Freguesia de S\u00e3o Jorge num evento com duas dist\u00e2ncias, 22km e 11km e\u00a0cerca de 160 atletas presentes.<\/p>\n<p style=\"text-align: justify;\">O percurso principal desenrolou-se entre o centro da Freguesia, a Levada do Rei, Miradouro das Voltas, Ribeira Funda e regresso ao centro, para terminar junto \u00e8 igreja de S\u00e3o Jorge, 22km entre a paisagem rural e a melhor natureza de Santana na Floresta Laurissilva.<\/p>\n<p style=\"text-align: justify;\">Jos\u00e9 Ribeiro e Nadia Meroni destacaram-se vencendo os seus escal\u00f5es, Jos\u00e9 Ribeiro foi 1.\u00ba no M50 e Nadia Meroni 1.\u00aa no escal\u00e3o F40. Filipe Cust\u00f3dio completou a representa\u00e7\u00e3o do Clube Aventura da Madeira neste Trail a Norte continuando o seu caminho entusiasta nesta modalidade.<\/p>\n<p style=\"text-align: justify;\"><a href=\"http:\/\/trail.camadeira.com\/wp-content\/uploads\/2017\/03\/17308998_10208404007637817_1916774085091539354_n.jpg\"><img loading=\"lazy\" class=\"aligncenter size-full wp-image-2053\" src=\"http:\/\/trail.camadeira.com\/wp-content\/uploads\/2017\/03\/17308998_10208404007637817_1916774085091539354_n.jpg\" alt=\"17308998_10208404007637817_1916774085091539354_n\" width=\"720\" height=\"960\" srcset=\"http:\/\/trail.camadeira.com\/wp-content\/uploads\/2017\/03\/17308998_10208404007637817_1916774085091539354_n.jpg 720w, http:\/\/trail.camadeira.com\/wp-content\/uploads\/2017\/03\/17308998_10208404007637817_1916774085091539354_n-225x300.jpg 225w\" sizes=\"(max-width: 720px) 100vw, 720px\" \/><\/a><\/p>\n<p>Resultados:<\/p>\n<p>8\u00ba\u00a0\u00a0\u00a0\u00a0\u00a0 8\u00ba\u00a0\u00a0\u00a0\u00a0\u00a0\u00a0 14\u00a0\u00a0\u00a0\u00a0\u00a0\u00a0 Jos\u00e9 Ribeiro CLUBE AVENTURA DA MADEIRA\u00a0\u00a0\u00a0\u00a0\u00a0\u00a0\u00a0\u00a0\u00a0 M50\u00a0\u00a0 Portugal\u00a0\u00a0\u00a0\u00a0\u00a0\u00a0 01:58:41<\/p>\n<p>35\u00ba\u00a0\u00a0\u00a0\u00a0 35\u00ba\u00a0\u00a0\u00a0\u00a0 13\u00a0\u00a0\u00a0\u00a0\u00a0\u00a0 Filipe Custodio\u00a0\u00a0\u00a0\u00a0\u00a0\u00a0\u00a0 CLUBE AVENTURA DA MADEIRA\u00a0\u00a0\u00a0\u00a0\u00a0\u00a0\u00a0\u00a0\u00a0 M30\u00a0\u00a0 Portugal\u00a0\u00a0\u00a0\u00a0\u00a0\u00a0\u00a0\u00a0\u00a0\u00a0\u00a0 02:25:04<\/p>\n<p>40\u00ba\u00a0\u00a0\u00a0\u00a0 40\u00ba\u00a0\u00a0\u00a0\u00a0 61\u00a0\u00a0\u00a0\u00a0\u00a0\u00a0 Nadia Meroni\u00a0\u00a0\u00a0\u00a0\u00a0\u00a0\u00a0\u00a0 CLUBE AVENTURA DA MADEIRA\u00a0\u00a0\u00a0\u00a0\u00a0\u00a0\u00a0\u00a0\u00a0 F40\u00a0\u00a0\u00a0\u00a0 Portugal\u00a0\u00a0\u00a0\u00a0\u00a0\u00a0\u00a0\u00a0\u00a0\u00a0\u00a0 02:32:27<\/p>\n<p>Cr\u00e9ditos de fotografia a Catarina de Brito Gomes<\/p>\n<p><a href=\"http:\/\/trail.camadeira.com\/wp-content\/uploads\/2017\/03\/17264200_10208404005277758_6834299882673926123_n.jpg\"><img loading=\"lazy\" class=\"aligncenter size-full wp-image-2054\" src=\"http:\/\/trail.camadeira.com\/wp-content\/uploads\/2017\/03\/17264200_10208404005277758_6834299882673926123_n.jpg\" alt=\"17264200_10208404005277758_6834299882673926123_n\" width=\"720\" height=\"960\" srcset=\"http:\/\/trail.camadeira.com\/wp-content\/uploads\/2017\/03\/17264200_10208404005277758_6834299882673926123_n.jpg 720w, http:\/\/trail.camadeira.com\/wp-content\/uploads\/2017\/03\/17264200_10208404005277758_6834299882673926123_n-225x300.jpg 225w\" sizes=\"(max-width: 720px) 100vw, 720px\" \/><\/a><\/p>\n","protected":false},"excerpt":{"rendered":"<p>Jos\u00e9 Ribeiro, Filipe Cust\u00f3dio e Nadia Meroni representaram o Clube Aventura da Madeira O concelho de Santana mostra potencial para a corrida na natureza, com prova organizada pelo Di\u00e1rio de Noticias a levar o Trail Running \u00e0 Freguesia de S\u00e3o Jorge num evento com duas dist\u00e2ncias, 22km e 11km e\u00a0cerca de 160 atletas presentes. O &hellip; <\/p>\n<p><a class=\"more-link btn\" href=\"http:\/\/trail.camadeira.com\/?p=2052\">Continue a ler<\/a><\/p>\n","protected":false},"author":1,"featured_media":0,"comment_status":"closed","ping_status":"closed","sticky":false,"template":"","format":"standard","meta":[],"categories":[1],"tags":[],"_links":{"self":[{"href":"http:\/\/trail.camadeira.com\/index.php?rest_route=\/wp\/v2\/posts\/2052"}],"collection":[{"href":"http:\/\/trail.camadeira.com\/index.php?rest_route=\/wp\/v2\/posts"}],"about":[{"href":"http:\/\/trail.camadeira.com\/index.php?rest_route=\/wp\/v2\/types\/post"}],"author":[{"embeddable":true,"href":"http:\/\/trail.camadeira.com\/index.php?rest_route=\/wp\/v2\/users\/1"}],"replies":[{"embeddable":true,"href":"http:\/\/trail.camadeira.com\/index.php?rest_route=%2Fwp%2Fv2%2Fcomments&post=2052"}],"version-history":[{"count":2,"href":"http:\/\/trail.camadeira.com\/index.php?rest_route=\/wp\/v2\/posts\/2052\/revisions"}],"predecessor-version":[{"id":2056,"href":"http:\/\/trail.camadeira.com\/index.php?rest_route=\/wp\/v2\/posts\/2052\/revisions\/2056"}],"wp:attachment":[{"href":"http:\/\/trail.camadeira.com\/index.php?rest_route=%2Fwp%2Fv2%2Fmedia&parent=2052"}],"wp:term":[{"taxonomy":"category","embeddable":true,"href":"http:\/\/trail.camadeira.com\/index.php?rest_route=%2Fwp%2Fv2%2Fcategories&post=2052"},{"taxonomy":"post_tag","embeddable":true,"href":"http:\/\/trail.camadeira.com\/index.php?rest_route=%2Fwp%2Fv2%2Ftags&post=2052"}],"curies":[{"name":"wp","href":"https:\/\/api.w.org\/{rel}","templated":true}]}}