{"id":2030,"date":"2017-03-09T00:55:05","date_gmt":"2017-03-08T23:55:05","guid":{"rendered":"http:\/\/trail.camadeira.com\/?p=2030"},"modified":"2017-03-09T02:03:21","modified_gmt":"2017-03-09T01:03:21","slug":"atletas-do-clube-aventura-da-madeira-em-destaque-no-trail-do-porto-santo","status":"publish","type":"post","link":"http:\/\/trail.camadeira.com\/?p=2030","title":{"rendered":"Atletas do Clube Aventura da Madeira em destaque no Trail do Porto Santo"},"content":{"rendered":"<p><strong>Jos\u00e9 Vitor foi 6.\u00ba na\u00a0classifica\u00e7\u00e3o geral e 1.\u00ba Sub-23, Nadia Meroni 3.\u00aa posi\u00e7\u00e3o da geral feminina e 1.\u00aa no escal\u00e3o V45, Jos\u00e9 Ribeiro foi primeiro no escal\u00e3o V50, e o Clube Aventura da Madeira no terceiro lugar da classifica\u00e7\u00e3o por equipas, destacaram-se em Porto Santo.<\/strong><\/p>\n<p><a href=\"http:\/\/trail.camadeira.com\/wp-content\/uploads\/2017\/03\/Atletismo-trail-PXO-2017-copy.jpg\"><img loading=\"lazy\" class=\"aligncenter wp-image-2036\" src=\"http:\/\/trail.camadeira.com\/wp-content\/uploads\/2017\/03\/Atletismo-trail-PXO-2017-copy.jpg\" alt=\"Atletismo trail PXO 2017 copy\" width=\"612\" height=\"431\" srcset=\"http:\/\/trail.camadeira.com\/wp-content\/uploads\/2017\/03\/Atletismo-trail-PXO-2017-copy.jpg 779w, http:\/\/trail.camadeira.com\/wp-content\/uploads\/2017\/03\/Atletismo-trail-PXO-2017-copy-300x211.jpg 300w\" sizes=\"(max-width: 612px) 100vw, 612px\" \/><\/a><\/p>\n<p>Dia 4 de Mar\u00e7o marcou o regresso do Trail Running \u00e0 ilha do Porto Santo, com a organiza\u00e7\u00e3o da Associa\u00e7\u00e3o de Atletismo da RAM a montar tr\u00eas percursos, 42km, 22km e 9 km, tendo o percurso mais longo circundando a ilha e passando em alguns locais pouco habituais sem trilho, mas do agrado da generalidade dos participantes.<\/p>\n<div id=\"attachment_2039\" style=\"width: 621px\" class=\"wp-caption aligncenter\"><a href=\"http:\/\/trail.camadeira.com\/wp-content\/uploads\/2017\/03\/17201320_1333986123307272_7004189206927276658_n.jpg\"><img aria-describedby=\"caption-attachment-2039\" loading=\"lazy\" class=\"wp-image-2039\" src=\"http:\/\/trail.camadeira.com\/wp-content\/uploads\/2017\/03\/17201320_1333986123307272_7004189206927276658_n.jpg\" alt=\"17201320_1333986123307272_7004189206927276658_n\" width=\"621\" height=\"412\" srcset=\"http:\/\/trail.camadeira.com\/wp-content\/uploads\/2017\/03\/17201320_1333986123307272_7004189206927276658_n.jpg 960w, http:\/\/trail.camadeira.com\/wp-content\/uploads\/2017\/03\/17201320_1333986123307272_7004189206927276658_n-300x199.jpg 300w\" sizes=\"(max-width: 621px) 100vw, 621px\" \/><\/a><p id=\"caption-attachment-2039\" class=\"wp-caption-text\">Jos\u00e9 Ribeiro<\/p><\/div>\n<p>No conjunto das tr\u00eas provas participaram 306 atletas, entre os quais 8 representando o Clube Aventura da Madeira que obtiveram os seguintes resultados:<\/p>\n<p><strong>Cl Geral \u2013 Peitoral \u2013 Nome \u2013 Escal\u00e3o \u2013 Tempo <\/strong><\/p>\n<p><strong>42,3 km \/ 1926 D+<\/strong><\/p>\n<p>6\u00ba \u00a0\u00a0\u00a021 M Jos\u00e9 V\u00edtor CAMAD \u00a0Sub 23 &#8211; 4:25:09<\/p>\n<p>16\u00ba \u00a019 M Jos\u00e9 Henriques CAMAD \u00a0S\u00e9nior &#8211; 4:50:00<\/p>\n<p>17\u00ba \u00a084 M Jos\u00e9 Ribeiro CAMAD \u00a0V 50 &#8211; 4:51:40<\/p>\n<p>34\u00ba \u00a061 M Ricardo Fontes CAMAD \u00a0V 40 &#8211; 5:23:36<\/p>\n<p>40\u00ba \u00a0\u00a0\u00a03 \u00a0F N\u00e1dia Meroni CAMAD \u00a0V 45 &#8211; 5:34:14<\/p>\n<p>48\u00ba \u00a079 M Jo\u00e3o Nunes CAMAD \u00a0V 35 &#8211; 5:45:15<\/p>\n<p>59\u00ba \u00a0\u00a0\u00a02 M Jo\u00e3o Mendon\u00e7a CAMAD \u00a0V 45 &#8211; 6:03:49<\/p>\n<p><strong>21,9km 1070D+<\/strong><\/p>\n<p>53\u00ba 117 M Hor\u00e1cio Faria CAMAD \u00a0V 50 &#8211; 2:38:39<\/p>\n<p>Fotos\u00a0por Mauro Gomes, Ricardo Gon\u00e7alves e Lu\u00eds Pepe Branco<\/p>\n\n\t\t<style type=\"text\/css\">\n\t\t\t#gallery-1 {\n\t\t\t\tmargin: auto;\n\t\t\t}\n\t\t\t#gallery-1 .gallery-item {\n\t\t\t\tfloat: left;\n\t\t\t\tmargin-top: 10px;\n\t\t\t\ttext-align: center;\n\t\t\t\twidth: 33%;\n\t\t\t}\n\t\t\t#gallery-1 img {\n\t\t\t\tborder: 2px solid #cfcfcf;\n\t\t\t}\n\t\t\t#gallery-1 .gallery-caption {\n\t\t\t\tmargin-left: 0;\n\t\t\t}\n\t\t\t\/* see gallery_shortcode() in wp-includes\/media.php *\/\n\t\t<\/style>\n\t\t<div id='gallery-1' class='gallery galleryid-2030 gallery-columns-3 gallery-size-thumbnail'><dl class='gallery-item'>\n\t\t\t<dt class='gallery-icon landscape'>\n\t\t\t\t<a href='http:\/\/trail.camadeira.com\/?attachment_id=2047'><img width=\"150\" height=\"150\" src=\"http:\/\/trail.camadeira.com\/wp-content\/uploads\/2017\/03\/17156284_1334046449967906_7175509343286256759_n-150x150.jpg\" class=\"attachment-thumbnail size-thumbnail\" alt=\"\" loading=\"lazy\" \/><\/a>\n\t\t\t<\/dt><\/dl><dl class='gallery-item'>\n\t\t\t<dt class='gallery-icon portrait'>\n\t\t\t\t<a href='http:\/\/trail.camadeira.com\/?attachment_id=2046'><img width=\"150\" height=\"150\" src=\"http:\/\/trail.camadeira.com\/wp-content\/uploads\/2017\/03\/17155999_1333994169973134_7119000978061424508_n-150x150.jpg\" class=\"attachment-thumbnail size-thumbnail\" alt=\"\" loading=\"lazy\" \/><\/a>\n\t\t\t<\/dt><\/dl><dl class='gallery-item'>\n\t\t\t<dt class='gallery-icon landscape'>\n\t\t\t\t<a href='http:\/\/trail.camadeira.com\/?attachment_id=2045'><img width=\"150\" height=\"150\" src=\"http:\/\/trail.camadeira.com\/wp-content\/uploads\/2017\/03\/17103700_1334017416637476_8847879747982252564_n-150x150.jpg\" class=\"attachment-thumbnail size-thumbnail\" alt=\"\" loading=\"lazy\" \/><\/a>\n\t\t\t<\/dt><\/dl><br style=\"clear: both\" \/><dl class='gallery-item'>\n\t\t\t<dt class='gallery-icon landscape'>\n\t\t\t\t<a href='http:\/\/trail.camadeira.com\/?attachment_id=2044'><img width=\"150\" height=\"150\" src=\"http:\/\/trail.camadeira.com\/wp-content\/uploads\/2017\/03\/17103520_1333999089972642_1485733584857372635_n-150x150.jpg\" class=\"attachment-thumbnail size-thumbnail\" alt=\"\" loading=\"lazy\" \/><\/a>\n\t\t\t<\/dt><\/dl><dl class='gallery-item'>\n\t\t\t<dt class='gallery-icon landscape'>\n\t\t\t\t<a href='http:\/\/trail.camadeira.com\/?attachment_id=2043'><img width=\"150\" height=\"150\" src=\"http:\/\/trail.camadeira.com\/wp-content\/uploads\/2017\/03\/17021768_10154036676471618_4464362330546808905_n-150x150.jpg\" class=\"attachment-thumbnail size-thumbnail\" alt=\"\" loading=\"lazy\" \/><\/a>\n\t\t\t<\/dt><\/dl><dl class='gallery-item'>\n\t\t\t<dt class='gallery-icon landscape'>\n\t\t\t\t<a href='http:\/\/trail.camadeira.com\/?attachment_id=2041'><img width=\"150\" height=\"150\" src=\"http:\/\/trail.camadeira.com\/wp-content\/uploads\/2017\/03\/17201258_1334045706634647_4746431552309066959_n-150x150.jpg\" class=\"attachment-thumbnail size-thumbnail\" alt=\"\" loading=\"lazy\" \/><\/a>\n\t\t\t<\/dt><\/dl><br style=\"clear: both\" \/><dl class='gallery-item'>\n\t\t\t<dt class='gallery-icon landscape'>\n\t\t\t\t<a href='http:\/\/trail.camadeira.com\/?attachment_id=2040'><img width=\"150\" height=\"150\" src=\"http:\/\/trail.camadeira.com\/wp-content\/uploads\/2017\/03\/17190693_409786339362006_2462939782343421746_n-150x150.jpg\" class=\"attachment-thumbnail size-thumbnail\" alt=\"\" loading=\"lazy\" \/><\/a>\n\t\t\t<\/dt><\/dl>\n\t\t\t<br style='clear: both' \/>\n\t\t<\/div>\n\n","protected":false},"excerpt":{"rendered":"<p>Jos\u00e9 Vitor foi 6.\u00ba na\u00a0classifica\u00e7\u00e3o geral e 1.\u00ba Sub-23, Nadia Meroni 3.\u00aa posi\u00e7\u00e3o da geral feminina e 1.\u00aa no escal\u00e3o V45, Jos\u00e9 Ribeiro foi primeiro no escal\u00e3o V50, e o Clube Aventura da Madeira no terceiro lugar da classifica\u00e7\u00e3o por equipas, destacaram-se em Porto Santo. Dia 4 de Mar\u00e7o marcou o regresso do Trail Running &hellip; <\/p>\n<p><a class=\"more-link btn\" href=\"http:\/\/trail.camadeira.com\/?p=2030\">Continue a ler<\/a><\/p>\n","protected":false},"author":1,"featured_media":0,"comment_status":"closed","ping_status":"closed","sticky":false,"template":"","format":"standard","meta":[],"categories":[1],"tags":[],"_links":{"self":[{"href":"http:\/\/trail.camadeira.com\/index.php?rest_route=\/wp\/v2\/posts\/2030"}],"collection":[{"href":"http:\/\/trail.camadeira.com\/index.php?rest_route=\/wp\/v2\/posts"}],"about":[{"href":"http:\/\/trail.camadeira.com\/index.php?rest_route=\/wp\/v2\/types\/post"}],"author":[{"embeddable":true,"href":"http:\/\/trail.camadeira.com\/index.php?rest_route=\/wp\/v2\/users\/1"}],"replies":[{"embeddable":true,"href":"http:\/\/trail.camadeira.com\/index.php?rest_route=%2Fwp%2Fv2%2Fcomments&post=2030"}],"version-history":[{"count":9,"href":"http:\/\/trail.camadeira.com\/index.php?rest_route=\/wp\/v2\/posts\/2030\/revisions"}],"predecessor-version":[{"id":2035,"href":"http:\/\/trail.camadeira.com\/index.php?rest_route=\/wp\/v2\/posts\/2030\/revisions\/2035"}],"wp:attachment":[{"href":"http:\/\/trail.camadeira.com\/index.php?rest_route=%2Fwp%2Fv2%2Fmedia&parent=2030"}],"wp:term":[{"taxonomy":"category","embeddable":true,"href":"http:\/\/trail.camadeira.com\/index.php?rest_route=%2Fwp%2Fv2%2Fcategories&post=2030"},{"taxonomy":"post_tag","embeddable":true,"href":"http:\/\/trail.camadeira.com\/index.php?rest_route=%2Fwp%2Fv2%2Ftags&post=2030"}],"curies":[{"name":"wp","href":"https:\/\/api.w.org\/{rel}","templated":true}]}}