{"id":2003,"date":"2017-02-05T22:15:31","date_gmt":"2017-02-05T21:15:31","guid":{"rendered":"http:\/\/trail.camadeira.com\/?p=2003"},"modified":"2017-02-07T09:54:22","modified_gmt":"2017-02-07T08:54:22","slug":"atletas-do-clube-aventura-da-madeira-destacam-se-no-trail-do-porto-moniz-5-fev-2017","status":"publish","type":"post","link":"http:\/\/trail.camadeira.com\/?p=2003","title":{"rendered":"Atletas do Clube Aventura da Madeira destacam-se no Trail do Porto Moniz &#8211; 5 Fev 2017"},"content":{"rendered":"<h4>Tim\u00f3teo Sousa termina no 9.\u00ba Lugar, Jos\u00e9 Ribeiro vence o escal\u00e3o V50 e Nadia Meroni no 3.\u00ba lugar do escal\u00e3o F45, no Ultra Trail 47Km, e<strong> Leonardo Diogo no p\u00f3dio do Trail Longo 25Km, com um excelente 3.\u00ba lugar da geral e 1.\u00ba Veterano 50\u00a0<\/strong><\/h4>\n<p>Decorreu hoje o Trail do Porto Moniz, com\u00a0organiza\u00e7\u00e3o do Clube de Montanha do Funchal, uma prova que contou com excelentes condi\u00e7\u00f5es meteorologicas e muitos entusiastas do Trail Running, foram mais de quatro centenas, que realizaram um dos tr\u00eas percursos propostos, \u00a047km 3800m D+ , 25km 1700m D+ e 16km 1200M D+.<\/p>\n<div id=\"attachment_2005\" style=\"width: 720px\" class=\"wp-caption alignnone\"><a href=\"http:\/\/trail.camadeira.com\/wp-content\/uploads\/2017\/02\/16425899_10208153168086985_3666830555623295585_n.jpg\"><img aria-describedby=\"caption-attachment-2005\" loading=\"lazy\" class=\"wp-image-2005 size-full\" src=\"http:\/\/trail.camadeira.com\/wp-content\/uploads\/2017\/02\/16425899_10208153168086985_3666830555623295585_n.jpg\" alt=\"\" width=\"720\" height=\"960\" srcset=\"http:\/\/trail.camadeira.com\/wp-content\/uploads\/2017\/02\/16425899_10208153168086985_3666830555623295585_n.jpg 720w, http:\/\/trail.camadeira.com\/wp-content\/uploads\/2017\/02\/16425899_10208153168086985_3666830555623295585_n-225x300.jpg 225w\" sizes=\"(max-width: 720px) 100vw, 720px\" \/><\/a><p id=\"caption-attachment-2005\" class=\"wp-caption-text\">Jos\u00e9 Ribeiro 1.\u00ba no escal\u00e3o V50 a caminho da meta &#8211; Foto por Catarina Brito Gomes<\/p><\/div>\n<p>O Clube Aventura da Madeira contou com uma representa\u00e7\u00e3o de 15 atletas distribuidos pelas tr\u00eas dist\u00e2ncias, conseguindo diversos resultados de destaque, entre os quais Leonardo Diogo, que na geral do Trail Longo, conseguiu uma excelente 3.\u00aa posi\u00e7\u00e3o, Jos\u00e9 Ribeiro com mais uma excelente prova venceu o escal\u00e3o V50 no Ultra Trail, e Nadia Meroni foi terceira no seu escal\u00e3o F45, tamb\u00e9m no Ultra Trail.<\/p>\n<p>Entre os respresentantes do Clube Aventura da Madeira no\u00a0Ultra Trail, com 47km de extrema dificuldade, Tim\u00f3teo Sousa esteve em destaque com um lugar nos dez melhores, conseguiu a 9.\u00aaposi\u00e7\u00e3o com o tempo de\u00a007:13:42, seguiu-se Andr\u00e9 Ca\u00edres na 19.\u00aa posi\u00e7\u00e3o, Jos\u00e9 Ribeiro na 25.\u00aa posi\u00e7\u00e3o da geral, Pedro Silva foi 39.\u00ba e M\u00e1rcio Gomes 42.\u00ba, Jo\u00e3o Mendon\u00e7a 58.\u00ba. Participou ainda Jos\u00e9 Gomes, n\u00e3o tendo concluido a prova.<\/p>\n<p>No Trail Longo 25km, al\u00e9m do 3.\u00balugar de Leonardo Diogo, M\u00e1rcio Coelho foi 8.\u00ba, afirmando-se com mais um excelente resultado esta prova extremamente competitivo. Nesta dist\u00e2ncia, o terceiro elemento do Clube Aventura da Madeira foi Humberto Barros na 48.\u00aa posi\u00e7\u00e3o, seguiu-se Filipe Cust\u00f3dio na 55.\u00aa posi\u00e7\u00e3o, Vitor Marques foi 67.\u00ba, Edson Pereira foi 137.\u00ba e Rosalina Gouveia na 26:\u00aa posi\u00e7\u00e3o entre as participantes femininas.<\/p>\n<div id=\"attachment_2019\" style=\"width: 767px\" class=\"wp-caption aligncenter\"><a href=\"http:\/\/trail.camadeira.com\/wp-content\/uploads\/2017\/02\/16649252_2207346892823817_2706262069896232936_n.jpg\"><img aria-describedby=\"caption-attachment-2019\" loading=\"lazy\" class=\"wp-image-2019\" src=\"http:\/\/trail.camadeira.com\/wp-content\/uploads\/2017\/02\/16649252_2207346892823817_2706262069896232936_n.jpg\" alt=\"16649252_2207346892823817_2706262069896232936_n\" width=\"767\" height=\"511\" srcset=\"http:\/\/trail.camadeira.com\/wp-content\/uploads\/2017\/02\/16649252_2207346892823817_2706262069896232936_n.jpg 960w, http:\/\/trail.camadeira.com\/wp-content\/uploads\/2017\/02\/16649252_2207346892823817_2706262069896232936_n-300x200.jpg 300w\" sizes=\"(max-width: 767px) 100vw, 767px\" \/><\/a><p id=\"caption-attachment-2019\" class=\"wp-caption-text\">Humberto Barros e Filipe Cust\u00f3dio no Fanal &#8211; Foto por Lu\u00eds Pepe Branco<\/p><\/div>\n<p>No percurso de 16km, Luana Andreoli foi a representante do Clube, obtendo a 24.\u00aa posi\u00e7\u00e3o da geral feminina.<\/p>\n<p>Em termos coletivos na prova principal Ultra Trail do Porto Moniz, a equipa do Clube Aventura da Madeira formada por Tim\u00f3teo Sousa, Andr\u00e9 Ca\u00edres e Jos\u00e9 Ribeiro conseguiram um excelente 3.\u00ba lugar.<\/p>\n<p><a href=\"http:\/\/trail.camadeira.com\/wp-content\/uploads\/2017\/02\/Clube-Aventura-da-Madeira-equipas.jpg\"><img loading=\"lazy\" class=\"aligncenter wp-image-2026\" src=\"http:\/\/trail.camadeira.com\/wp-content\/uploads\/2017\/02\/Clube-Aventura-da-Madeira-equipas.jpg\" alt=\"Clube Aventura da Madeira equipas\" width=\"770\" height=\"513\" srcset=\"http:\/\/trail.camadeira.com\/wp-content\/uploads\/2017\/02\/Clube-Aventura-da-Madeira-equipas.jpg 960w, http:\/\/trail.camadeira.com\/wp-content\/uploads\/2017\/02\/Clube-Aventura-da-Madeira-equipas-300x200.jpg 300w\" sizes=\"(max-width: 770px) 100vw, 770px\" \/><\/a><\/p>\n<p>Todos os resultados dos atletas do Clube Aventura da Madeira:<\/p>\n<table width=\"529\">\n<tbody>\n<tr>\n<td colspan=\"3\" width=\"224\">ULTRA TRAIL PORTO MONIZ<\/td>\n<td width=\"113\"><\/td>\n<td width=\"64\"><\/td>\n<td width=\"64\"><\/td>\n<td width=\"64\"><\/td>\n<\/tr>\n<tr>\n<td>Cl Geral<\/td>\n<td>Escal\u00e3o<\/td>\n<td>Peit<\/td>\n<td>Atletas<\/td>\n<td>Escal\u00e3o<\/td>\n<td>Pa\u00eds<\/td>\n<td>Tempo<\/td>\n<\/tr>\n<tr>\n<td>9\u00ba<\/td>\n<td>6\u00ba<\/td>\n<td>127<\/td>\n<td>Tim\u00f3teo Sousa<\/td>\n<td>SEN M<\/td>\n<td>Portugal<\/td>\n<td>07:13:42<\/td>\n<\/tr>\n<tr>\n<td>19\u00ba<\/td>\n<td>12\u00ba<\/td>\n<td>126<\/td>\n<td>Andr\u00e9 Caires<\/td>\n<td>SEN M<\/td>\n<td>Portugal<\/td>\n<td>07:41:24<\/td>\n<\/tr>\n<tr>\n<td>25\u00ba<\/td>\n<td>1\u00ba<\/td>\n<td>74<\/td>\n<td>Jos\u00e9 Ribeiro<\/td>\n<td>V50 M<\/td>\n<td>Portugal<\/td>\n<td>07:50:47<\/td>\n<\/tr>\n<tr>\n<td>39\u00ba<\/td>\n<td>21\u00ba<\/td>\n<td>120<\/td>\n<td>Peter Silva<\/td>\n<td>SEN M<\/td>\n<td>Portugal<\/td>\n<td>08:19:32<\/td>\n<\/tr>\n<tr>\n<td>42\u00ba<\/td>\n<td>24\u00ba<\/td>\n<td>111<\/td>\n<td>M\u00e1rcio Gomes<\/td>\n<td>SEN M<\/td>\n<td>Portugal<\/td>\n<td>08:23:09<\/td>\n<\/tr>\n<tr>\n<td>58\u00ba<\/td>\n<td>5\u00ba<\/td>\n<td>69<\/td>\n<td>Jo\u00e3o Mendon\u00e7a<\/td>\n<td>V45 M<\/td>\n<td>Portugal<\/td>\n<td>08:47:23<\/td>\n<\/tr>\n<tr>\n<td>84\u00ba<\/td>\n<td>3\u00ba<\/td>\n<td>82<\/td>\n<td>Nadia Meroni<\/td>\n<td>V45 F<\/td>\n<td>Portugal<\/td>\n<td>09:33:54<\/td>\n<\/tr>\n<tr>\n<td>5\u00ba<\/td>\n<td>1\u00ba<\/td>\n<td>149<\/td>\n<td>Jos\u00e9 Gomes<\/td>\n<td>V45 M<\/td>\n<td>Portugal<\/td>\n<td>N\u00e3o Term.<\/td>\n<\/tr>\n<tr>\n<td colspan=\"3\">TRAIL LONGO PORTO MONIZ<\/td>\n<td><\/td>\n<td><\/td>\n<td><\/td>\n<td><\/td>\n<\/tr>\n<tr>\n<td>3\u00ba<\/td>\n<td>1\u00ba<\/td>\n<td>298<\/td>\n<td>Leonardo Diogo<\/td>\n<td>V50 M<\/td>\n<td>Portugal<\/td>\n<td>02:31:19<\/td>\n<\/tr>\n<tr>\n<td>8\u00ba<\/td>\n<td>7\u00ba<\/td>\n<td>314<\/td>\n<td>M\u00e1rcio Coelho<\/td>\n<td>SEN M<\/td>\n<td>Portugal<\/td>\n<td>02:50:48<\/td>\n<\/tr>\n<tr>\n<td>48\u00ba<\/td>\n<td>31\u00ba<\/td>\n<td>338<\/td>\n<td>Humberto Barros<\/td>\n<td>SEN M<\/td>\n<td>Portugal<\/td>\n<td>03:34:54<\/td>\n<\/tr>\n<tr>\n<td>55\u00ba<\/td>\n<td>34\u00ba<\/td>\n<td>343<\/td>\n<td>Filipe Cust\u00f3dio<\/td>\n<td>SEN M<\/td>\n<td>Portugal<\/td>\n<td>03:39:43<\/td>\n<\/tr>\n<tr>\n<td>67\u00ba<\/td>\n<td>40\u00ba<\/td>\n<td>257<\/td>\n<td>Vitor Marques<\/td>\n<td>SEN M<\/td>\n<td>Portugal<\/td>\n<td>03:48:05<\/td>\n<\/tr>\n<tr>\n<td>107\u00ba<\/td>\n<td>59\u00ba<\/td>\n<td>286<\/td>\n<td>Edson Pereira<\/td>\n<td>SEN M<\/td>\n<td>Portugal<\/td>\n<td>04:13:35<\/td>\n<\/tr>\n<tr>\n<td>26\u00ba<\/td>\n<td>18\u00ba<\/td>\n<td>296<\/td>\n<td>RosalinaGouveia<\/td>\n<td>SEN F<\/td>\n<td>Portugal<\/td>\n<td>05:08:29<\/td>\n<\/tr>\n<tr>\n<td>MINI TRAIL<\/td>\n<td><\/td>\n<td><\/td>\n<td><\/td>\n<td><\/td>\n<td><\/td>\n<td><\/td>\n<\/tr>\n<tr>\n<td>101\u00ba<\/td>\n<td>14\u00ba<\/td>\n<td>434<\/td>\n<td>Luana Andreoli<\/td>\n<td>SEN F<\/td>\n<td>Italy<\/td>\n<td>02:48:05<\/td>\n<\/tr>\n<\/tbody>\n<\/table>\n<p>Os vencedores no evento foram:<\/p>\n<p><strong>ULTRA TRAIL 47KM<\/strong><\/p>\n<p>RESULTADOS (MASCULINOS)<br \/>\n1 &#8211; Jordi Gamito 05:28:59<br \/>\n2 &#8211; Francisco Freitas 05:54:39<br \/>\n3 &#8211; Manuel Faria 05:56:29<br \/>\nRESULTADOS (FEMININOS)<br \/>\n1 &#8211; L\u00facia Franco 07:58:26<br \/>\n2 &#8211; Alice Sousa 08:16:37<br \/>\n3 &#8211; Ana luisa Viveiros 08:30:49<\/p>\n<p><strong>TRAIL LONGO 25KM<\/strong><\/p>\n<p>RESULTADOS (MASCULINOS)<br \/>\n1 &#8211; Pau Capell 02:15:41<br \/>\n2 &#8211; Ricardo Gouveia 02:23:21<br \/>\n3 &#8211; Leonardo Diogo 02:31:19<br \/>\nRESULTADOS (FEMININOS)<br \/>\n1 &#8211; Olivia Sousa 03:17:25<br \/>\n2 &#8211; Susana Azevedo 03:37:14<br \/>\n3 &#8211; Regina Baptista 03:45:05<\/p>\n<div id=\"attachment_2021\" style=\"width: 756px\" class=\"wp-caption aligncenter\"><a href=\"http:\/\/trail.camadeira.com\/wp-content\/uploads\/2017\/02\/16427300_2207344412824065_1798178375211123697_n.jpg\"><img aria-describedby=\"caption-attachment-2021\" loading=\"lazy\" class=\"wp-image-2021\" src=\"http:\/\/trail.camadeira.com\/wp-content\/uploads\/2017\/02\/16427300_2207344412824065_1798178375211123697_n.jpg\" alt=\"16427300_2207344412824065_1798178375211123697_n\" width=\"756\" height=\"504\" srcset=\"http:\/\/trail.camadeira.com\/wp-content\/uploads\/2017\/02\/16427300_2207344412824065_1798178375211123697_n.jpg 960w, http:\/\/trail.camadeira.com\/wp-content\/uploads\/2017\/02\/16427300_2207344412824065_1798178375211123697_n-300x200.jpg 300w\" sizes=\"(max-width: 756px) 100vw, 756px\" \/><\/a><p id=\"caption-attachment-2021\" class=\"wp-caption-text\">Vitor Marques na prova de 25km &#8211; Foto por Lu\u00eds Pepe Branco<\/p><\/div>\n<p>&nbsp;<\/p>\n","protected":false},"excerpt":{"rendered":"<p>Tim\u00f3teo Sousa termina no 9.\u00ba Lugar, Jos\u00e9 Ribeiro vence o escal\u00e3o V50 e Nadia Meroni no 3.\u00ba lugar do escal\u00e3o F45, no Ultra Trail 47Km, e Leonardo Diogo no p\u00f3dio do Trail Longo 25Km, com um excelente 3.\u00ba lugar da geral e 1.\u00ba Veterano 50\u00a0 Decorreu hoje o Trail do Porto Moniz, com\u00a0organiza\u00e7\u00e3o do Clube &hellip; <\/p>\n<p><a class=\"more-link btn\" href=\"http:\/\/trail.camadeira.com\/?p=2003\">Continue a ler<\/a><\/p>\n","protected":false},"author":1,"featured_media":0,"comment_status":"closed","ping_status":"closed","sticky":false,"template":"","format":"standard","meta":[],"categories":[1],"tags":[],"_links":{"self":[{"href":"http:\/\/trail.camadeira.com\/index.php?rest_route=\/wp\/v2\/posts\/2003"}],"collection":[{"href":"http:\/\/trail.camadeira.com\/index.php?rest_route=\/wp\/v2\/posts"}],"about":[{"href":"http:\/\/trail.camadeira.com\/index.php?rest_route=\/wp\/v2\/types\/post"}],"author":[{"embeddable":true,"href":"http:\/\/trail.camadeira.com\/index.php?rest_route=\/wp\/v2\/users\/1"}],"replies":[{"embeddable":true,"href":"http:\/\/trail.camadeira.com\/index.php?rest_route=%2Fwp%2Fv2%2Fcomments&post=2003"}],"version-history":[{"count":18,"href":"http:\/\/trail.camadeira.com\/index.php?rest_route=\/wp\/v2\/posts\/2003\/revisions"}],"predecessor-version":[{"id":2027,"href":"http:\/\/trail.camadeira.com\/index.php?rest_route=\/wp\/v2\/posts\/2003\/revisions\/2027"}],"wp:attachment":[{"href":"http:\/\/trail.camadeira.com\/index.php?rest_route=%2Fwp%2Fv2%2Fmedia&parent=2003"}],"wp:term":[{"taxonomy":"category","embeddable":true,"href":"http:\/\/trail.camadeira.com\/index.php?rest_route=%2Fwp%2Fv2%2Fcategories&post=2003"},{"taxonomy":"post_tag","embeddable":true,"href":"http:\/\/trail.camadeira.com\/index.php?rest_route=%2Fwp%2Fv2%2Ftags&post=2003"}],"curies":[{"name":"wp","href":"https:\/\/api.w.org\/{rel}","templated":true}]}}