{"id":1986,"date":"2016-12-12T15:11:32","date_gmt":"2016-12-12T14:11:32","guid":{"rendered":"http:\/\/trail.camadeira.com\/?p=1986"},"modified":"2017-01-10T15:40:11","modified_gmt":"2017-01-10T14:40:11","slug":"andre-caires-10-o-no-trail-pela-vida-machico-e-jose-ribeiro-no-podio-no-escalao-v50","status":"publish","type":"post","link":"http:\/\/trail.camadeira.com\/?p=1986","title":{"rendered":"Andr\u00e9 Ca\u00edres 10.\u00ba no Trail Pela Vida &#8211; Machico e Jos\u00e9 Ribeiro no p\u00f3dio no escal\u00e3o V50"},"content":{"rendered":"<p style=\"text-align: justify;\">A cidade de Machico acolheu mais uma edi\u00e7\u00e3o do Trail Noturno Pela Vida, numa realiza\u00e7\u00e3o do Ludens Clube de Machico no dia 10 de Dezembro de 2016, pontu\u00e1vel para o Circuito Trail \u00a0Madeira promovido pela AARAM.<\/p>\n<p style=\"text-align: justify;\">O Clube Aventura da Madeira esteve representado por quatro atletas, com destaque para o 10.\u00ba lugar da geral de Andr\u00e9 Ca\u00edres e a \u00a0vit\u00f3ria de Jos\u00e9 Ribeiro no escal\u00e3o V50. Humberto Barros concluiu na 48.\u00aa posi\u00e7\u00e3o da geral, com mais 10km para juntar ao seu extenso curr\u00edculo de participa\u00e7\u00f5es em provas de Trail Running e D\u00e1rio Abreu classificou-se na 156.\u00aa posi\u00e7\u00e3o da geral.<\/p>\n<p><a href=\"http:\/\/trail.camadeira.com\/wp-content\/uploads\/2017\/01\/14650195_1181043485311364_4220079143151762418_n.jpg\"><img loading=\"lazy\" class=\"aligncenter size-full wp-image-1987\" src=\"http:\/\/trail.camadeira.com\/wp-content\/uploads\/2017\/01\/14650195_1181043485311364_4220079143151762418_n.jpg\" alt=\"14650195_1181043485311364_4220079143151762418_n\" width=\"452\" height=\"530\" srcset=\"http:\/\/trail.camadeira.com\/wp-content\/uploads\/2017\/01\/14650195_1181043485311364_4220079143151762418_n.jpg 452w, http:\/\/trail.camadeira.com\/wp-content\/uploads\/2017\/01\/14650195_1181043485311364_4220079143151762418_n-256x300.jpg 256w\" sizes=\"(max-width: 452px) 100vw, 452px\" \/><\/a><\/p>\n<p>Classifica\u00e7\u00f5es na geral e tempos dos atletas do Clube Aventura da Madeira:<\/p>\n<p>10.\u00ba Andr\u00e9 F. Caires CAMAD V35 M POR 0:46:44<\/p>\n<p>22.\u00ba\u00a0 Jos\u00e9 Ribeiro CAMAD V50 M POR 0:50:21<\/p>\n<p>48.\u00ba\u00a0 Humberto Barros CAMAD V35 M POR 0:54:15<\/p>\n<p>156.\u00ba D\u00e1rio Abreu CAMAD V50 M POR 1:16:54<\/p>\n","protected":false},"excerpt":{"rendered":"<p>A cidade de Machico acolheu mais uma edi\u00e7\u00e3o do Trail Noturno Pela Vida, numa realiza\u00e7\u00e3o do Ludens Clube de Machico no dia 10 de Dezembro de 2016, pontu\u00e1vel para o Circuito Trail \u00a0Madeira promovido pela AARAM. O Clube Aventura da Madeira esteve representado por quatro atletas, com destaque para o 10.\u00ba lugar da geral de &hellip; <\/p>\n<p><a class=\"more-link btn\" href=\"http:\/\/trail.camadeira.com\/?p=1986\">Continue a ler<\/a><\/p>\n","protected":false},"author":1,"featured_media":0,"comment_status":"closed","ping_status":"closed","sticky":false,"template":"","format":"standard","meta":[],"categories":[1],"tags":[],"_links":{"self":[{"href":"http:\/\/trail.camadeira.com\/index.php?rest_route=\/wp\/v2\/posts\/1986"}],"collection":[{"href":"http:\/\/trail.camadeira.com\/index.php?rest_route=\/wp\/v2\/posts"}],"about":[{"href":"http:\/\/trail.camadeira.com\/index.php?rest_route=\/wp\/v2\/types\/post"}],"author":[{"embeddable":true,"href":"http:\/\/trail.camadeira.com\/index.php?rest_route=\/wp\/v2\/users\/1"}],"replies":[{"embeddable":true,"href":"http:\/\/trail.camadeira.com\/index.php?rest_route=%2Fwp%2Fv2%2Fcomments&post=1986"}],"version-history":[{"count":2,"href":"http:\/\/trail.camadeira.com\/index.php?rest_route=\/wp\/v2\/posts\/1986\/revisions"}],"predecessor-version":[{"id":1990,"href":"http:\/\/trail.camadeira.com\/index.php?rest_route=\/wp\/v2\/posts\/1986\/revisions\/1990"}],"wp:attachment":[{"href":"http:\/\/trail.camadeira.com\/index.php?rest_route=%2Fwp%2Fv2%2Fmedia&parent=1986"}],"wp:term":[{"taxonomy":"category","embeddable":true,"href":"http:\/\/trail.camadeira.com\/index.php?rest_route=%2Fwp%2Fv2%2Fcategories&post=1986"},{"taxonomy":"post_tag","embeddable":true,"href":"http:\/\/trail.camadeira.com\/index.php?rest_route=%2Fwp%2Fv2%2Ftags&post=1986"}],"curies":[{"name":"wp","href":"https:\/\/api.w.org\/{rel}","templated":true}]}}