{"id":1979,"date":"2017-01-09T01:55:53","date_gmt":"2017-01-09T00:55:53","guid":{"rendered":"http:\/\/trail.camadeira.com\/?p=1979"},"modified":"2017-01-10T23:38:55","modified_gmt":"2017-01-10T22:38:55","slug":"timoteo-sousa-andre-caires-marcio-coelho-e-jose-ribeiro-em-destaque-no-ii-trail-da-boa-ventura","status":"publish","type":"post","link":"http:\/\/trail.camadeira.com\/?p=1979","title":{"rendered":"Tim\u00f3teo Sousa, Andr\u00e9 Ca\u00edres, M\u00e1rcio Coelho e Jos\u00e9 Ribeiro em destaque no II Trail da Boa Ventura"},"content":{"rendered":"<p><a href=\"http:\/\/trail.camadeira.com\/wp-content\/uploads\/2017\/01\/15826612_2186776804880826_547249494474132578_n.jpg\"><img loading=\"lazy\" class=\"aligncenter size-full wp-image-1980\" src=\"http:\/\/trail.camadeira.com\/wp-content\/uploads\/2017\/01\/15826612_2186776804880826_547249494474132578_n.jpg\" alt=\"15826612_2186776804880826_547249494474132578_n\" width=\"640\" height=\"960\" srcset=\"http:\/\/trail.camadeira.com\/wp-content\/uploads\/2017\/01\/15826612_2186776804880826_547249494474132578_n.jpg 640w, http:\/\/trail.camadeira.com\/wp-content\/uploads\/2017\/01\/15826612_2186776804880826_547249494474132578_n-200x300.jpg 200w\" sizes=\"(max-width: 640px) 100vw, 640px\" \/><\/a><\/p>\n<p>Imagens de Lu\u00eds Pepe Branco &#8211;\u00a0https:\/\/www.facebook.com\/luis.branco.1840?fref=ts<\/p>\n<p style=\"text-align: justify;\">A Freguesia da Boaventura recebeu a 3.\u00aa prova de Trail Running pontu\u00e1vel para o Circuito Madeira Trail promovido pela AARAM, que decorreu no passado dia 8 de Janeiro. O evento contou com duas provas, o Mini Trail 11km e a prova principal com 21km.<\/p>\n<p style=\"text-align: justify;\">No total das duas provas conclu\u00edram 320 atletas, entre eles, 10 atletas do Clube Aventura da Madeira onde destacaram-se na prova de 21km, <strong>Tim\u00f3teo Sousa<\/strong> que foi 11.\u00ba da geral e 5 no escal\u00e3o S\u00e9nior, <strong>Andr\u00e9 Ca\u00edres<\/strong> foi 17.\u00ba da geral e 5.\u00ba no escal\u00e3o V35, e <strong>M\u00e1rcio Coelho<\/strong> a ser 21.\u00ba da geral e 6.\u00ba entre os veteranos 35 anos, sendo o terceiro elemento da equipa do Clube Aventura da Madeira classificada na 5.\u00aa posi\u00e7\u00e3o, entre as 16 equipas presentes na competi\u00e7\u00e3o Masculina. M\u00e1rcio Gomes foi o 4.\u00ba atleta do Clube, na 29.\u00aa posi\u00e7\u00e3o em mais uma boa presta\u00e7\u00e3o.<\/p>\n<p><strong>Jos\u00e9 Ribeiro venceu o Escal\u00e3o V50<\/strong> somando mais um p\u00f3dio neste escal\u00e3o. A representa\u00e7\u00e3o do Clube contou ainda com boas participa\u00e7\u00f5es de Pedro Silva, Filipe Mota, Jos\u00e9 N\u00f3brega e Sid\u00f3nio Cabral na prova de 21km e Marco Pereira na prova de 11km.<\/p>\n<p><a href=\"http:\/\/trail.camadeira.com\/wp-content\/uploads\/2017\/01\/15936616_2186776298214210_3240921279065359414_o.jpg\"><img loading=\"lazy\" class=\"wp-image-1982 alignleft\" src=\"http:\/\/trail.camadeira.com\/wp-content\/uploads\/2017\/01\/15936616_2186776298214210_3240921279065359414_o.jpg\" alt=\"15936616_2186776298214210_3240921279065359414_o\" width=\"268\" height=\"402\" srcset=\"http:\/\/trail.camadeira.com\/wp-content\/uploads\/2017\/01\/15936616_2186776298214210_3240921279065359414_o.jpg 480w, http:\/\/trail.camadeira.com\/wp-content\/uploads\/2017\/01\/15936616_2186776298214210_3240921279065359414_o-200x300.jpg 200w\" sizes=\"(max-width: 268px) 100vw, 268px\" \/><\/a><a href=\"http:\/\/trail.camadeira.com\/wp-content\/uploads\/2017\/01\/15975203_2186777844880722_4695802217270853303_o.jpg\"><img loading=\"lazy\" class=\"aligncenter wp-image-1991\" src=\"http:\/\/trail.camadeira.com\/wp-content\/uploads\/2017\/01\/15975203_2186777844880722_4695802217270853303_o.jpg\" alt=\"15975203_2186777844880722_4695802217270853303_o\" width=\"269\" height=\"404\" srcset=\"http:\/\/trail.camadeira.com\/wp-content\/uploads\/2017\/01\/15975203_2186777844880722_4695802217270853303_o.jpg 480w, http:\/\/trail.camadeira.com\/wp-content\/uploads\/2017\/01\/15975203_2186777844880722_4695802217270853303_o-200x300.jpg 200w\" sizes=\"(max-width: 269px) 100vw, 269px\" \/><\/a><\/p>\n<p>&nbsp;<\/p>\n<p>Todos os resultados dos atletas do Clube Aventura da Madeira, com classifica\u00e7\u00e3o geral, escal\u00e3o, e tempo:<\/p>\n<p><strong>Prova 21km<\/strong><\/p>\n<p>11\u00ba \u00a05\u00ba 204 Tim\u00f3teo Sousa POR &#8211; S\u00e9nior CAMAD 2:21:09<\/p>\n<p>17\u00ba 5\u00ba 211 Andr\u00e9 F. Caires POR &#8211; V 35 CAMAD 2:26:29<\/p>\n<p>21\u00ba 6\u00ba 117 M\u00e1rcio Coelho POR &#8211; V 35 CAMAD 2:29:30<\/p>\n<p>29\u00ba 9\u00ba 175 M\u00e1rcio Gomes POR &#8211; V 35 CAMAD 2:34:54<\/p>\n<p>33\u00ba 1\u00ba 109 Jos\u00e9 Ribeiro POR &#8211; V 50 CAMAD 2:35:54<\/p>\n<p>80\u00ba 33\u00ba 75 Pedro F. Silva POR &#8211; S\u00e9nior CAMAD 2:54:07<\/p>\n<p>120\u00ba 28\u00ba 223 Filipe Mota POR &#8211; V 40 CAMAD 3:20:15<\/p>\n<p>141\u00ba 36\u00ba 156 Jos\u00e9 M. N\u00f3brega POR &#8211; V 40 CAMAD 3:34:24<\/p>\n<p>153\u00ba 7\u00ba 68 Sid\u00f3nio Cabral POR &#8211; V 50 CAMAD 3:43:13<\/p>\n<p>5\u00ba CAMAD Clube Aventura da Madeira 07:17:08<\/p>\n<p><strong>Prova 11km<\/strong><\/p>\n<p>22\u00ba 22\u00ba 450 Marco Pereira POR &#8211;\u00a0V 35 CAMAD 1:12:43<\/p>\n<p>&nbsp;<\/p>\n","protected":false},"excerpt":{"rendered":"<p>Imagens de Lu\u00eds Pepe Branco &#8211;\u00a0https:\/\/www.facebook.com\/luis.branco.1840?fref=ts A Freguesia da Boaventura recebeu a 3.\u00aa prova de Trail Running pontu\u00e1vel para o Circuito Madeira Trail promovido pela AARAM, que decorreu no passado dia 8 de Janeiro. O evento contou com duas provas, o Mini Trail 11km e a prova principal com 21km. No total das duas provas &hellip; <\/p>\n<p><a class=\"more-link btn\" href=\"http:\/\/trail.camadeira.com\/?p=1979\">Continue a ler<\/a><\/p>\n","protected":false},"author":1,"featured_media":0,"comment_status":"closed","ping_status":"closed","sticky":false,"template":"","format":"standard","meta":[],"categories":[1],"tags":[],"_links":{"self":[{"href":"http:\/\/trail.camadeira.com\/index.php?rest_route=\/wp\/v2\/posts\/1979"}],"collection":[{"href":"http:\/\/trail.camadeira.com\/index.php?rest_route=\/wp\/v2\/posts"}],"about":[{"href":"http:\/\/trail.camadeira.com\/index.php?rest_route=\/wp\/v2\/types\/post"}],"author":[{"embeddable":true,"href":"http:\/\/trail.camadeira.com\/index.php?rest_route=\/wp\/v2\/users\/1"}],"replies":[{"embeddable":true,"href":"http:\/\/trail.camadeira.com\/index.php?rest_route=%2Fwp%2Fv2%2Fcomments&post=1979"}],"version-history":[{"count":12,"href":"http:\/\/trail.camadeira.com\/index.php?rest_route=\/wp\/v2\/posts\/1979\/revisions"}],"predecessor-version":[{"id":1999,"href":"http:\/\/trail.camadeira.com\/index.php?rest_route=\/wp\/v2\/posts\/1979\/revisions\/1999"}],"wp:attachment":[{"href":"http:\/\/trail.camadeira.com\/index.php?rest_route=%2Fwp%2Fv2%2Fmedia&parent=1979"}],"wp:term":[{"taxonomy":"category","embeddable":true,"href":"http:\/\/trail.camadeira.com\/index.php?rest_route=%2Fwp%2Fv2%2Fcategories&post=1979"},{"taxonomy":"post_tag","embeddable":true,"href":"http:\/\/trail.camadeira.com\/index.php?rest_route=%2Fwp%2Fv2%2Ftags&post=1979"}],"curies":[{"name":"wp","href":"https:\/\/api.w.org\/{rel}","templated":true}]}}