{"id":1971,"date":"2016-11-20T22:20:50","date_gmt":"2016-11-20T21:20:50","guid":{"rendered":"http:\/\/trail.camadeira.com\/?p=1971"},"modified":"2016-11-20T22:57:57","modified_gmt":"2016-11-20T21:57:57","slug":"iv-trail-de-camara-de-lobos-19-e-20-nov-2016","status":"publish","type":"post","link":"http:\/\/trail.camadeira.com\/?p=1971","title":{"rendered":"IV Trail de C\u00e2mara de Lobos &#8211; 19 e 20 Nov. 2016"},"content":{"rendered":"<p><strong>Trail Running come\u00e7a a \u00e9poca 2016-2017 em C\u00e2mara de Lobos<\/strong><\/p>\n<p><strong>Jos\u00e9 Ribeiro e Nadia Meroni em destaque na prova de 47km<\/strong><\/p>\n<p>Realizou-se nos dias 19 e 20 de Novembro de 2016 o IV Trail de C\u00e2mara de Lobos, que este ano teve algumas altera\u00e7\u00f5es no percurso principal levando os participantes ao Pico Jorge e Pico Grande. O evento contou com tr\u00eas dist\u00e2ncias 47km, 22km e 8,5km, que reuniram 422 participantes, tendo ainda uma prova para jovens.<\/p>\n<p>Os representantes do Clube Aventura da Madeira neste evento obtiveram excelentes resultados. Destaque para o veterano Jos\u00e9 Ribeiro que fechou os dez primeiros na prova principal de 47km, alcan\u00e7ado o 1.\u00ba lugar do p\u00f3dio dos M50. Nadia Meroni venceu o escal\u00e3o F45 e foi 4.\u00aa da geral Feminino. Jo\u00e3o Mendon\u00e7a a mostrar uma excelente regularidade venceu o escal\u00e3o M45, sendo 24.\u00ba da geral. M\u00e1rcio Gomes foi o 3.\u00ba \u00a0no escal\u00e3o M35 e 28.\u00ba da geral, ainda neste escal\u00e3o Humberto Barros foi 6.\u00ba e Filipe Cust\u00f3dio foi 10.\u00ba. No escal\u00e3o M40 Ros\u00e9 S\u00f3cio foi 15.\u00ba.<\/p>\n<p>Na classifica\u00e7\u00e3o coletiva o Clube Aventura da Madeira obteve uma excelente terceira posi\u00e7\u00e3o, com as presta\u00e7\u00f5es de Jos\u00e9 Ribeiro, Jo\u00e3o Mendon\u00e7a e M\u00e1rcio Gomes.<\/p>\n<p><strong>Trail Longo 22Km<\/strong><\/p>\n<p><strong>Carla Freitas, Lu\u00eds Mendo\u00e7a e Jos\u00e9 Faria nos p\u00f3dios dos Escal\u00f5es<\/strong><\/p>\n<p>A prova de 22km com 1650m D+ teve a atleta do Clube Aventura da Madeira, Carla Freitas, em destaque com a terceira posi\u00e7\u00e3o da geral feminina ficando a 5 segundos da segunda posi\u00e7\u00e3o. No seu escal\u00e3o F40, Carla Freitas foi a vencedora. Lu\u00eds Mendon\u00e7a obteve 1.\u00ba lugar do p\u00f3dio no M60 e Jos\u00e9 Faria foi 2.\u00ba no M55. Sid\u00f3nio Cabral no escal\u00e3o M50 foi 4.\u00ba.<\/p>\n<p><strong>Trail Curto 8,5km<\/strong><\/p>\n<p>A prova mais curta do evento teve 5 atletas do Clube Aventura da Madeira a participar. Urbano Faria foi o melhor classificado em 21.\u00ba da geral e 5 nos seniores masculinos. Participaram ainda Stefano Fernandes em 11.\u00ba nos Seniores, Dario Abreu foi 6.\u00ba nos M50 e Tim\u00f3teo Sousa 27.\u00ba nos seniores.<\/p>\n<table width=\"535\">\n<tbody>\n<tr>\n<td colspan=\"7\" width=\"535\">IV Trail C\u00e2mara de Lobos &#8211; 19 e 20 Novembro 2016<\/td>\n<\/tr>\n<tr>\n<td colspan=\"3\">47km\u00a0 3000m D+<\/td>\n<td><\/td>\n<td><\/td>\n<td><\/td>\n<td><\/td>\n<\/tr>\n<tr>\n<td>Ger<\/td>\n<td>Peit<\/td>\n<td>Atleta<\/td>\n<td>Clube Aventura da Madeira<\/td>\n<td>Escal<\/td>\n<td>Cl. Esc<\/td>\n<td>Tempo<\/td>\n<\/tr>\n<tr>\n<td>10\u00ba<\/td>\n<td>157<\/td>\n<td>Jos\u00e9 Ribeiro<\/td>\n<td>Clube Aventura da Madeira<\/td>\n<td>M50<\/td>\n<td>1.\u00ba<\/td>\n<td>07:08:57<\/td>\n<\/tr>\n<tr>\n<td>24\u00ba<\/td>\n<td>118<\/td>\n<td>Jo\u00e3o Mendon\u00e7a<\/td>\n<td>Clube Aventura da Madeira<\/td>\n<td>M45<\/td>\n<td>1.\u00ba<\/td>\n<td>08:01:40<\/td>\n<\/tr>\n<tr>\n<td>28\u00ba<\/td>\n<td>184<\/td>\n<td>M\u00e1rcio Gomes<\/td>\n<td>Clube Aventura da Madeira<\/td>\n<td>M35<\/td>\n<td>3.\u00ba<\/td>\n<td>08:08:44<\/td>\n<\/tr>\n<tr>\n<td>4.\u00aa<\/td>\n<td>146<\/td>\n<td>Nadia Meroni<\/td>\n<td>Clube Aventura da Madeira<\/td>\n<td>F45<\/td>\n<td>1.\u00aa<\/td>\n<td>08:30:42<\/td>\n<\/tr>\n<tr>\n<td>44\u00ba<\/td>\n<td>180<\/td>\n<td>Humberto Barros<\/td>\n<td>Clube Aventura da Madeira<\/td>\n<td>M35<\/td>\n<td>6.\u00ba<\/td>\n<td>08:46:21<\/td>\n<\/tr>\n<tr>\n<td>51\u00ba<\/td>\n<td>186<\/td>\n<td>Filipe Cust\u00f3dio<\/td>\n<td>Clube Aventura da Madeira<\/td>\n<td>M35<\/td>\n<td>10.\u00ba<\/td>\n<td>09:03:08<\/td>\n<\/tr>\n<tr>\n<td>65\u00ba<\/td>\n<td>185<\/td>\n<td>Ros\u00e9 Socio<\/td>\n<td>Clube Aventura da Madeira<\/td>\n<td>M40<\/td>\n<td>15.\u00ba<\/td>\n<td>10:19:03<\/td>\n<\/tr>\n<tr>\n<td><\/td>\n<td><\/td>\n<td><\/td>\n<td><\/td>\n<td><\/td>\n<td><\/td>\n<td><\/td>\n<\/tr>\n<tr>\n<td colspan=\"3\">22Km 1650m D+<\/td>\n<td><\/td>\n<td><\/td>\n<td><\/td>\n<td><\/td>\n<\/tr>\n<tr>\n<td>Ger<\/td>\n<td>Peit<\/td>\n<td>Atleta<\/td>\n<td>Clube Aventura da Madeira<\/td>\n<td>Escal<\/td>\n<td>Cl. Esc<\/td>\n<td>Tempo<\/td>\n<\/tr>\n<tr>\n<td>3.\u00aa<\/td>\n<td>371<\/td>\n<td>Carla Freitas Brandt<\/td>\n<td>Clube Aventura da Madeira<\/td>\n<td>F40<\/td>\n<td>1.\u00aa<\/td>\n<td>02:43:47<\/td>\n<\/tr>\n<tr>\n<td data-title=\"translate('STATUS')\" data-title-text=\"Estado\">68\u00ba<\/td>\n<td>288<\/td>\n<td>Luis Mendonca<\/td>\n<td>Clube Aventura da Madeira<\/td>\n<td>M60<\/td>\n<td>1.\u00ba<\/td>\n<td>02:57:14<\/td>\n<\/tr>\n<tr>\n<td data-title=\"translate('STATUS')\" data-title-text=\"Estado\">72\u00ba<\/td>\n<td>338<\/td>\n<td>Jos\u00e9 Faria<\/td>\n<td>Clube Aventura da Madeira<\/td>\n<td>M55<\/td>\n<td>2.\u00ba<\/td>\n<td>03:00:18<\/td>\n<\/tr>\n<tr>\n<td data-title=\"translate('STATUS')\" data-title-text=\"Estado\">124\u00ba<\/td>\n<td>236<\/td>\n<td>Sidonio Cabral<\/td>\n<td>Clube Aventura da Madeira<\/td>\n<td>M50<\/td>\n<td>4.\u00ba<\/td>\n<td>03:33:06<\/td>\n<\/tr>\n<tr>\n<td data-title=\"translate('STATUS')\" data-title-text=\"Estado\"><\/td>\n<td><\/td>\n<td><\/td>\n<td><\/td>\n<td><\/td>\n<td><\/td>\n<td><\/td>\n<\/tr>\n<tr>\n<td colspan=\"2\">8,5Km<\/td>\n<td><\/td>\n<td><\/td>\n<td><\/td>\n<td><\/td>\n<td><\/td>\n<\/tr>\n<tr>\n<td>Ger<\/td>\n<td>Peit<\/td>\n<td>Atleta<\/td>\n<td>Clube Aventura da Madeira<\/td>\n<td>Escal<\/td>\n<td>Cl. Esc<\/td>\n<td>Tempo<\/td>\n<\/tr>\n<tr>\n<td>21\u00ba<\/td>\n<td>585<\/td>\n<td>Urbano Faria<\/td>\n<td>Clube Aventura da Madeira<\/td>\n<td>M35<\/td>\n<td>5.\u00ba<\/td>\n<td>00:50:58<\/td>\n<\/tr>\n<tr>\n<td>32\u00ba<\/td>\n<td>650<\/td>\n<td>Stefano Fernandes<\/td>\n<td>Clube Aventura da Madeira<\/td>\n<td>SEN M<\/td>\n<td>11.\u00ba<\/td>\n<td>00:53:59<\/td>\n<\/tr>\n<tr>\n<td>104\u00ba<\/td>\n<td>643<\/td>\n<td>Dario Abreu<\/td>\n<td>Clube Aventura da Madeira<\/td>\n<td>M50<\/td>\n<td>6.\u00ba<\/td>\n<td>01:12:44<\/td>\n<\/tr>\n<tr>\n<td>147\u00ba<\/td>\n<td>634<\/td>\n<td>Tim\u00f3teo Sousa<\/td>\n<td>Clube Aventura da Madeira<\/td>\n<td>SEN M<\/td>\n<td>27.\u00ba<\/td>\n<td>01:29:36<\/td>\n<\/tr>\n<\/tbody>\n<\/table>\n","protected":false},"excerpt":{"rendered":"<p>Trail Running come\u00e7a a \u00e9poca 2016-2017 em C\u00e2mara de Lobos Jos\u00e9 Ribeiro e Nadia Meroni em destaque na prova de 47km Realizou-se nos dias 19 e 20 de Novembro de 2016 o IV Trail de C\u00e2mara de Lobos, que este ano teve algumas altera\u00e7\u00f5es no percurso principal levando os participantes ao Pico Jorge e Pico &hellip; <\/p>\n<p><a class=\"more-link btn\" href=\"http:\/\/trail.camadeira.com\/?p=1971\">Continue a ler<\/a><\/p>\n","protected":false},"author":1,"featured_media":0,"comment_status":"closed","ping_status":"closed","sticky":false,"template":"","format":"standard","meta":[],"categories":[1],"tags":[],"_links":{"self":[{"href":"http:\/\/trail.camadeira.com\/index.php?rest_route=\/wp\/v2\/posts\/1971"}],"collection":[{"href":"http:\/\/trail.camadeira.com\/index.php?rest_route=\/wp\/v2\/posts"}],"about":[{"href":"http:\/\/trail.camadeira.com\/index.php?rest_route=\/wp\/v2\/types\/post"}],"author":[{"embeddable":true,"href":"http:\/\/trail.camadeira.com\/index.php?rest_route=\/wp\/v2\/users\/1"}],"replies":[{"embeddable":true,"href":"http:\/\/trail.camadeira.com\/index.php?rest_route=%2Fwp%2Fv2%2Fcomments&post=1971"}],"version-history":[{"count":4,"href":"http:\/\/trail.camadeira.com\/index.php?rest_route=\/wp\/v2\/posts\/1971\/revisions"}],"predecessor-version":[{"id":1975,"href":"http:\/\/trail.camadeira.com\/index.php?rest_route=\/wp\/v2\/posts\/1971\/revisions\/1975"}],"wp:attachment":[{"href":"http:\/\/trail.camadeira.com\/index.php?rest_route=%2Fwp%2Fv2%2Fmedia&parent=1971"}],"wp:term":[{"taxonomy":"category","embeddable":true,"href":"http:\/\/trail.camadeira.com\/index.php?rest_route=%2Fwp%2Fv2%2Fcategories&post=1971"},{"taxonomy":"post_tag","embeddable":true,"href":"http:\/\/trail.camadeira.com\/index.php?rest_route=%2Fwp%2Fv2%2Ftags&post=1971"}],"curies":[{"name":"wp","href":"https:\/\/api.w.org\/{rel}","templated":true}]}}