{"id":1961,"date":"2016-10-23T22:09:00","date_gmt":"2016-10-23T21:09:00","guid":{"rendered":"http:\/\/trail.camadeira.com\/?p=1961"},"modified":"2016-10-23T22:56:10","modified_gmt":"2016-10-23T21:56:10","slug":"ecotrail-2016-nadia-meroni-2-a-na-geral-feminina","status":"publish","type":"post","link":"http:\/\/trail.camadeira.com\/?p=1961","title":{"rendered":"EcoTrail 2016 &#8211; Nadia Meroni 2.\u00aa na geral feminina"},"content":{"rendered":"<p><strong>Nadia Meroni em grande destaque com a 2.\u00aa posi\u00e7\u00e3o da geral Feminina<\/strong><\/p>\n<p><a href=\"http:\/\/trail.camadeira.com\/wp-content\/uploads\/2016\/10\/14681918_1153062798065907_8877562295797542982_o.jpg\"><img loading=\"lazy\" class=\"aligncenter size-full wp-image-1962\" src=\"http:\/\/trail.camadeira.com\/wp-content\/uploads\/2016\/10\/14681918_1153062798065907_8877562295797542982_o.jpg\" alt=\"14681918_1153062798065907_8877562295797542982_o\" width=\"640\" height=\"960\" srcset=\"http:\/\/trail.camadeira.com\/wp-content\/uploads\/2016\/10\/14681918_1153062798065907_8877562295797542982_o.jpg 640w, http:\/\/trail.camadeira.com\/wp-content\/uploads\/2016\/10\/14681918_1153062798065907_8877562295797542982_o-200x300.jpg 200w\" sizes=\"(max-width: 640px) 100vw, 640px\" \/><\/a><\/p>\n<p style=\"text-align: justify;\">Nadia Meroni conseguiu um excelente resultado na prova principal do Ecotrail 2016, 80km 5000m D+, conseguindo um honroso 2.\u00ba lugar da classifica\u00e7\u00e3o geral feminina. A atleta do Clube Aventura da Madeira teve uma participa\u00e7\u00e3o consistente concluindo os 80km em 14:34:24. Nesta dist\u00e2ncia destaque ainda para as excelentes presta\u00e7\u00f5es de Jos\u00e9 Ribeiro na 16.\u00aa posi\u00e7\u00e3o da geral,\u00a0 2.\u00ba Veterano 50 anos, Lu\u00eds Rodrigues na 41.\u00aa posi\u00e7\u00e3o, e Marco Ramos 61.\u00ba .<\/p>\n<p style=\"text-align: justify;\"><strong>40km 3000m D+ Ecotrail<\/strong>\u00a0 &#8211; Manuel N\u00f3ia representou o Clube Aventura da Madeira na dist\u00e2ncia de 40km, tendo conclu\u00eddo a prova na 118.\u00aa posi\u00e7\u00e3o da geral.<\/p>\n<p style=\"text-align: justify;\"><strong>25km 1400m D+<\/strong> Nelson Baroca em destaque com a 4.\u00aa posi\u00e7\u00e3o da Geral e Carla Brandt em 5.\u00aa nos femininos<\/p>\n<p style=\"text-align: justify;\">Grande presta\u00e7\u00e3o de Nelson Baroca nesta dist\u00e2ncia tendo terminado na 4.\u00aa posi\u00e7\u00e3o da geral, a cerca de 1 minuto do terceiro lugar do p\u00f3dio. Carla Brandt tab\u00e9m esteve em destaque com a 5.\u00aa posi\u00e7\u00e3o da classifica\u00e7\u00e3o geral feminina, sendo 2.\u00aa no escal\u00e3o V40. Participa\u00e7\u00e3o ainda de Jos\u00e9 Faria 47.\u00ba da geral e Sid\u00f3nio Cabral em 155.\u00ba.<\/p>\n<p style=\"text-align: justify;\"><strong>15km 390m D+<\/strong> \u00a0F\u00e1tima Greg\u00f3rio numa excelente 3.\u00aa Posi\u00e7\u00e3o da geral Feminina<\/p>\n<p style=\"text-align: justify;\">Participaram ainda nesta dist\u00e2ncia do EcoTrail, representando o Clube Aventura da Madeira, Sid\u00f3nio Jesus e Ant\u00f3nio Olival.<\/p>\n<p style=\"text-align: justify;\">Fotos autoria Jos\u00e9 M\u00e1rio Abreu Santos<\/p>\n\n\t\t<style type=\"text\/css\">\n\t\t\t#gallery-1 {\n\t\t\t\tmargin: auto;\n\t\t\t}\n\t\t\t#gallery-1 .gallery-item {\n\t\t\t\tfloat: left;\n\t\t\t\tmargin-top: 10px;\n\t\t\t\ttext-align: center;\n\t\t\t\twidth: 33%;\n\t\t\t}\n\t\t\t#gallery-1 img {\n\t\t\t\tborder: 2px solid #cfcfcf;\n\t\t\t}\n\t\t\t#gallery-1 .gallery-caption {\n\t\t\t\tmargin-left: 0;\n\t\t\t}\n\t\t\t\/* see gallery_shortcode() in wp-includes\/media.php *\/\n\t\t<\/style>\n\t\t<div id='gallery-1' class='gallery galleryid-1961 gallery-columns-3 gallery-size-thumbnail'><dl class='gallery-item'>\n\t\t\t<dt class='gallery-icon portrait'>\n\t\t\t\t<a href='http:\/\/trail.camadeira.com\/?attachment_id=1963'><img width=\"150\" height=\"150\" src=\"http:\/\/trail.camadeira.com\/wp-content\/uploads\/2016\/10\/14681068_1153062211399299_4125243029954543717_o-150x150.jpg\" class=\"attachment-thumbnail size-thumbnail\" alt=\"\" loading=\"lazy\" \/><\/a>\n\t\t\t<\/dt><\/dl><dl class='gallery-item'>\n\t\t\t<dt class='gallery-icon portrait'>\n\t\t\t\t<a href='http:\/\/trail.camadeira.com\/?attachment_id=1964'><img width=\"150\" height=\"150\" src=\"http:\/\/trail.camadeira.com\/wp-content\/uploads\/2016\/10\/14681918_1153062798065907_8877562295797542982_o1-150x150.jpg\" class=\"attachment-thumbnail size-thumbnail\" alt=\"\" loading=\"lazy\" \/><\/a>\n\t\t\t<\/dt><\/dl><dl class='gallery-item'>\n\t\t\t<dt class='gallery-icon portrait'>\n\t\t\t\t<a href='http:\/\/trail.camadeira.com\/?attachment_id=1965'><img width=\"150\" height=\"150\" src=\"http:\/\/trail.camadeira.com\/wp-content\/uploads\/2016\/10\/14713015_1153061514732702_5368066498830220396_o-150x150.jpg\" class=\"attachment-thumbnail size-thumbnail\" alt=\"\" loading=\"lazy\" \/><\/a>\n\t\t\t<\/dt><\/dl><br style=\"clear: both\" \/><dl class='gallery-item'>\n\t\t\t<dt class='gallery-icon portrait'>\n\t\t\t\t<a href='http:\/\/trail.camadeira.com\/?attachment_id=1966'><img width=\"150\" height=\"150\" src=\"http:\/\/trail.camadeira.com\/wp-content\/uploads\/2016\/10\/14713092_1153063308065856_4230026943034404794_o-150x150.jpg\" class=\"attachment-thumbnail size-thumbnail\" alt=\"\" loading=\"lazy\" \/><\/a>\n\t\t\t<\/dt><\/dl><dl class='gallery-item'>\n\t\t\t<dt class='gallery-icon landscape'>\n\t\t\t\t<a href='http:\/\/trail.camadeira.com\/?attachment_id=1967'><img width=\"150\" height=\"150\" src=\"http:\/\/trail.camadeira.com\/wp-content\/uploads\/2016\/10\/14718832_10206657325384227_1776786137642177639_n-150x150.jpg\" class=\"attachment-thumbnail size-thumbnail\" alt=\"\" loading=\"lazy\" \/><\/a>\n\t\t\t<\/dt><\/dl>\n\t\t\t<br style='clear: both' \/>\n\t\t<\/div>\n\n","protected":false},"excerpt":{"rendered":"<p>Nadia Meroni em grande destaque com a 2.\u00aa posi\u00e7\u00e3o da geral Feminina Nadia Meroni conseguiu um excelente resultado na prova principal do Ecotrail 2016, 80km 5000m D+, conseguindo um honroso 2.\u00ba lugar da classifica\u00e7\u00e3o geral feminina. A atleta do Clube Aventura da Madeira teve uma participa\u00e7\u00e3o consistente concluindo os 80km em 14:34:24. Nesta dist\u00e2ncia destaque &hellip; <\/p>\n<p><a class=\"more-link btn\" href=\"http:\/\/trail.camadeira.com\/?p=1961\">Continue a ler<\/a><\/p>\n","protected":false},"author":1,"featured_media":0,"comment_status":"closed","ping_status":"closed","sticky":false,"template":"","format":"standard","meta":[],"categories":[1],"tags":[],"_links":{"self":[{"href":"http:\/\/trail.camadeira.com\/index.php?rest_route=\/wp\/v2\/posts\/1961"}],"collection":[{"href":"http:\/\/trail.camadeira.com\/index.php?rest_route=\/wp\/v2\/posts"}],"about":[{"href":"http:\/\/trail.camadeira.com\/index.php?rest_route=\/wp\/v2\/types\/post"}],"author":[{"embeddable":true,"href":"http:\/\/trail.camadeira.com\/index.php?rest_route=\/wp\/v2\/users\/1"}],"replies":[{"embeddable":true,"href":"http:\/\/trail.camadeira.com\/index.php?rest_route=%2Fwp%2Fv2%2Fcomments&post=1961"}],"version-history":[{"count":1,"href":"http:\/\/trail.camadeira.com\/index.php?rest_route=\/wp\/v2\/posts\/1961\/revisions"}],"predecessor-version":[{"id":1968,"href":"http:\/\/trail.camadeira.com\/index.php?rest_route=\/wp\/v2\/posts\/1961\/revisions\/1968"}],"wp:attachment":[{"href":"http:\/\/trail.camadeira.com\/index.php?rest_route=%2Fwp%2Fv2%2Fmedia&parent=1961"}],"wp:term":[{"taxonomy":"category","embeddable":true,"href":"http:\/\/trail.camadeira.com\/index.php?rest_route=%2Fwp%2Fv2%2Fcategories&post=1961"},{"taxonomy":"post_tag","embeddable":true,"href":"http:\/\/trail.camadeira.com\/index.php?rest_route=%2Fwp%2Fv2%2Ftags&post=1961"}],"curies":[{"name":"wp","href":"https:\/\/api.w.org\/{rel}","templated":true}]}}