{"id":1951,"date":"2016-10-12T23:12:34","date_gmt":"2016-10-12T22:12:34","guid":{"rendered":"http:\/\/trail.camadeira.com\/?p=1951"},"modified":"2016-10-13T00:52:27","modified_gmt":"2016-10-12T23:52:27","slug":"clube-aventura-da-madeira-2-o-no-ii-trail-de-coracao-na-natureza","status":"publish","type":"post","link":"http:\/\/trail.camadeira.com\/?p=1951","title":{"rendered":"Clube Aventura da Madeira 2.\u00ba no II Trail de Cora\u00e7\u00e3o na Natureza"},"content":{"rendered":"<p>No passado Domingo, 9 de Outubro de 2016, decorreu a segunda edi\u00e7\u00e3o do Trail de Cora\u00e7\u00e3o na Natureza, com itiner\u00e1rios estabelecidos, nas freguesias do Porto da Cruz, S\u00e3o Roque do Faial, Faial.<\/p>\n<p>Pedro Silva foi 5.\u00ba da geral, com uma presta\u00e7\u00e3o muito bem conseguida entre diversos valores do Trail Running regional. \u00a0Jos\u00e9 Ribeiro muito regular foi 1.\u00ba dos Veteranos 50 e 14.\u00ba da Geral. O veterano Jos\u00e9 Faria foi 32.\u00ba da geral e 4.\u00ba no escal\u00e3o V50,\u00a0 fechando a equipa que conseguiu um excelente 22.\u00ba lugar coletivo para o Clube Aventura da Madeira. Destaque ainda para as participa\u00e7\u00f5es de Lu\u00eds Mendon\u00e7a 1.\u00ba no escal\u00e3o V60, e D\u00e1rio Abreu na 67.\u00ba posi\u00e7\u00e3o da geral.<\/p>\n<p>Na prova de 16km participaram pelo Clube Aventura da Madeira, Urbano Faria que obteve a 22.\u00aa posi\u00e7\u00e3o e Stefano Fernandes na 43.\u00aa posi\u00e7\u00e3o.<\/p>\n<p>Imagens de autoria de Lu\u00eds Pepe Branco<\/p>\n<p><a href=\"http:\/\/trail.camadeira.com\/wp-content\/uploads\/2016\/10\/14691106_633025330199992_4390816252850126199_n.jpg\"><img loading=\"lazy\" class=\"aligncenter wp-image-1952\" src=\"http:\/\/trail.camadeira.com\/wp-content\/uploads\/2016\/10\/14691106_633025330199992_4390816252850126199_n.jpg\" alt=\"14691106_633025330199992_4390816252850126199_n\" width=\"769\" height=\"509\" srcset=\"http:\/\/trail.camadeira.com\/wp-content\/uploads\/2016\/10\/14691106_633025330199992_4390816252850126199_n.jpg 960w, http:\/\/trail.camadeira.com\/wp-content\/uploads\/2016\/10\/14691106_633025330199992_4390816252850126199_n-300x199.jpg 300w\" sizes=\"(max-width: 769px) 100vw, 769px\" \/><\/a><\/p>\n<p><a href=\"http:\/\/trail.camadeira.com\/wp-content\/uploads\/2016\/10\/14642511_632809410221584_7466531593735518669_n.jpg\"><img loading=\"lazy\" class=\"aligncenter size-full wp-image-1953\" src=\"http:\/\/trail.camadeira.com\/wp-content\/uploads\/2016\/10\/14642511_632809410221584_7466531593735518669_n.jpg\" alt=\"14642511_632809410221584_7466531593735518669_n\" width=\"480\" height=\"320\" srcset=\"http:\/\/trail.camadeira.com\/wp-content\/uploads\/2016\/10\/14642511_632809410221584_7466531593735518669_n.jpg 480w, http:\/\/trail.camadeira.com\/wp-content\/uploads\/2016\/10\/14642511_632809410221584_7466531593735518669_n-300x200.jpg 300w\" sizes=\"(max-width: 480px) 100vw, 480px\" \/><\/a><a href=\"http:\/\/trail.camadeira.com\/wp-content\/uploads\/2016\/10\/14581416_633027766866415_7282564907656366072_n.jpg\"><img loading=\"lazy\" class=\"aligncenter wp-image-1954\" src=\"http:\/\/trail.camadeira.com\/wp-content\/uploads\/2016\/10\/14581416_633027766866415_7282564907656366072_n.jpg\" alt=\"14581416_633027766866415_7282564907656366072_n\" width=\"697\" height=\"461\" srcset=\"http:\/\/trail.camadeira.com\/wp-content\/uploads\/2016\/10\/14581416_633027766866415_7282564907656366072_n.jpg 960w, http:\/\/trail.camadeira.com\/wp-content\/uploads\/2016\/10\/14581416_633027766866415_7282564907656366072_n-300x199.jpg 300w\" sizes=\"(max-width: 697px) 100vw, 697px\" \/><\/a><a href=\"http:\/\/trail.camadeira.com\/wp-content\/uploads\/2016\/10\/14666056_632813470221178_7284794167801848170_n.jpg\"><img loading=\"lazy\" class=\"aligncenter wp-image-1955\" src=\"http:\/\/trail.camadeira.com\/wp-content\/uploads\/2016\/10\/14666056_632813470221178_7284794167801848170_n.jpg\" alt=\"14666056_632813470221178_7284794167801848170_n\" width=\"689\" height=\"459\" srcset=\"http:\/\/trail.camadeira.com\/wp-content\/uploads\/2016\/10\/14666056_632813470221178_7284794167801848170_n.jpg 960w, http:\/\/trail.camadeira.com\/wp-content\/uploads\/2016\/10\/14666056_632813470221178_7284794167801848170_n-300x200.jpg 300w\" sizes=\"(max-width: 689px) 100vw, 689px\" \/><\/a><a href=\"http:\/\/trail.camadeira.com\/wp-content\/uploads\/2016\/10\/14671172_633024800200045_6145718385421052829_n.jpg\"><img loading=\"lazy\" class=\"aligncenter size-full wp-image-1956\" src=\"http:\/\/trail.camadeira.com\/wp-content\/uploads\/2016\/10\/14671172_633024800200045_6145718385421052829_n.jpg\" alt=\"14671172_633024800200045_6145718385421052829_n\" width=\"960\" height=\"636\" srcset=\"http:\/\/trail.camadeira.com\/wp-content\/uploads\/2016\/10\/14671172_633024800200045_6145718385421052829_n.jpg 960w, http:\/\/trail.camadeira.com\/wp-content\/uploads\/2016\/10\/14671172_633024800200045_6145718385421052829_n-300x199.jpg 300w\" sizes=\"(max-width: 960px) 100vw, 960px\" \/><\/a><\/p>\n","protected":false},"excerpt":{"rendered":"<p>No passado Domingo, 9 de Outubro de 2016, decorreu a segunda edi\u00e7\u00e3o do Trail de Cora\u00e7\u00e3o na Natureza, com itiner\u00e1rios estabelecidos, nas freguesias do Porto da Cruz, S\u00e3o Roque do Faial, Faial. Pedro Silva foi 5.\u00ba da geral, com uma presta\u00e7\u00e3o muito bem conseguida entre diversos valores do Trail Running regional. \u00a0Jos\u00e9 Ribeiro muito regular &hellip; <\/p>\n<p><a class=\"more-link btn\" href=\"http:\/\/trail.camadeira.com\/?p=1951\">Continue a ler<\/a><\/p>\n","protected":false},"author":1,"featured_media":0,"comment_status":"closed","ping_status":"closed","sticky":false,"template":"","format":"standard","meta":[],"categories":[1],"tags":[],"_links":{"self":[{"href":"http:\/\/trail.camadeira.com\/index.php?rest_route=\/wp\/v2\/posts\/1951"}],"collection":[{"href":"http:\/\/trail.camadeira.com\/index.php?rest_route=\/wp\/v2\/posts"}],"about":[{"href":"http:\/\/trail.camadeira.com\/index.php?rest_route=\/wp\/v2\/types\/post"}],"author":[{"embeddable":true,"href":"http:\/\/trail.camadeira.com\/index.php?rest_route=\/wp\/v2\/users\/1"}],"replies":[{"embeddable":true,"href":"http:\/\/trail.camadeira.com\/index.php?rest_route=%2Fwp%2Fv2%2Fcomments&post=1951"}],"version-history":[{"count":3,"href":"http:\/\/trail.camadeira.com\/index.php?rest_route=\/wp\/v2\/posts\/1951\/revisions"}],"predecessor-version":[{"id":1959,"href":"http:\/\/trail.camadeira.com\/index.php?rest_route=\/wp\/v2\/posts\/1951\/revisions\/1959"}],"wp:attachment":[{"href":"http:\/\/trail.camadeira.com\/index.php?rest_route=%2Fwp%2Fv2%2Fmedia&parent=1951"}],"wp:term":[{"taxonomy":"category","embeddable":true,"href":"http:\/\/trail.camadeira.com\/index.php?rest_route=%2Fwp%2Fv2%2Fcategories&post=1951"},{"taxonomy":"post_tag","embeddable":true,"href":"http:\/\/trail.camadeira.com\/index.php?rest_route=%2Fwp%2Fv2%2Ftags&post=1951"}],"curies":[{"name":"wp","href":"https:\/\/api.w.org\/{rel}","templated":true}]}}