{"id":1945,"date":"2016-09-18T20:03:12","date_gmt":"2016-09-18T19:03:12","guid":{"rendered":"http:\/\/trail.camadeira.com\/?p=1945"},"modified":"2016-09-18T20:07:08","modified_gmt":"2016-09-18T19:07:08","slug":"ricardo-quintal-e-4-o-no-trail-da-ponta-do-sol","status":"publish","type":"post","link":"http:\/\/trail.camadeira.com\/?p=1945","title":{"rendered":"Ricardo Quintal \u00e9 4.\u00ba no Trail da Ponta do Sol"},"content":{"rendered":"<p>O atleta do Clube Aventura da Madeira conseguiu um excelente 4.\u00ba lugar \u00e0 geral e o primeiro no escal\u00e3o seniores masculinos na estreia do Trail Running no concelho da Ponta do Sol, na prova de 30km. O veterano Jos\u00e9 Ribeiro obteve outro excelente resultado entrando nos 10 primeiros, com a 9.\u00aa posi\u00e7\u00e3o da geral e o primeiro lugar entre os veteranos 50, enquanto Jos\u00e9 Nunes fechava a equipa do Clube Aventura da Madeira presente na dist\u00e2ncia 30 km do Trail da Ponta do Sol com o 22.\u00ba \u00e0 geral e o 2.\u00ba Lugar nos Veteranos 55.<\/p>\n<p>4\u00ba Ricardo Quintal \u00a0Seniores \u2010 M CAMAD 2:49:25<\/p>\n<p>9\u00ba Jos\u00e9 Ribeiro V 50 \u2010 M CAMAD 3:04:07<\/p>\n<p>22\u00ba Jos\u00e9 Nunes \u00a0V 55 \u2010 M CAMAD 3:36:19<\/p>\n<p><a href=\"http:\/\/trail.camadeira.com\/wp-content\/uploads\/2016\/09\/14311215_1121616494543871_4267374317312757422_o.jpg\"><img loading=\"lazy\" class=\"aligncenter wp-image-1947\" src=\"http:\/\/trail.camadeira.com\/wp-content\/uploads\/2016\/09\/14311215_1121616494543871_4267374317312757422_o.jpg\" alt=\"14311215_1121616494543871_4267374317312757422_o\" width=\"458\" height=\"687\" srcset=\"http:\/\/trail.camadeira.com\/wp-content\/uploads\/2016\/09\/14311215_1121616494543871_4267374317312757422_o.jpg 640w, http:\/\/trail.camadeira.com\/wp-content\/uploads\/2016\/09\/14311215_1121616494543871_4267374317312757422_o-200x300.jpg 200w\" sizes=\"(max-width: 458px) 100vw, 458px\" \/><\/a><\/p>\n<p>Foto de Ricardo Quintal\u00a0em Trail da Ponta do Sol 30km por Jos\u00e9 Mario Santos Abreu<\/p>\n<h4><strong>M\u00e1rcio Coelho vence Trail Curto<\/strong><\/h4>\n<p>O atleta do Clube Aventura da Madeira esteve ao seu melhor n\u00edvel e venceu categoricamente a prova de 12km do Trail da Ponta do Sol, e tamb\u00e9m o seu escal\u00e3o Veteranos 35, que realizou-se no passado S\u00e1bado, 17 setembro de 2016. Marco Pereira foi outra presen\u00e7a do Clube Aventura da Madeira nesta prova concluindo na 17.\u00aa posi\u00e7\u00e3o.<\/p>\n<p>1\u00ba M\u00e1rcio Coelho V 35 \u2010 M CAMAD 0:53:34<\/p>\n<p>17\u00ba Marco G. Pereira V 35 \u2010 M CAMAD 1:09:47<\/p>\n<p><a href=\"http:\/\/trail.camadeira.com\/wp-content\/uploads\/2016\/09\/14352391_1121632511208936_8277454677213628575_o.jpg\"><img loading=\"lazy\" class=\"aligncenter wp-image-1946\" src=\"http:\/\/trail.camadeira.com\/wp-content\/uploads\/2016\/09\/14352391_1121632511208936_8277454677213628575_o.jpg\" alt=\"14352391_1121632511208936_8277454677213628575_o\" width=\"499\" height=\"749\" srcset=\"http:\/\/trail.camadeira.com\/wp-content\/uploads\/2016\/09\/14352391_1121632511208936_8277454677213628575_o.jpg 640w, http:\/\/trail.camadeira.com\/wp-content\/uploads\/2016\/09\/14352391_1121632511208936_8277454677213628575_o-200x300.jpg 200w\" sizes=\"(max-width: 499px) 100vw, 499px\" \/><\/a><\/p>\n<p>Foto de M\u00e1rcio Coelho em Trail da Ponta do Sol 12km por Jos\u00e9 Mario Santos Abreu<\/p>\n<p>&nbsp;<\/p>\n","protected":false},"excerpt":{"rendered":"<p>O atleta do Clube Aventura da Madeira conseguiu um excelente 4.\u00ba lugar \u00e0 geral e o primeiro no escal\u00e3o seniores masculinos na estreia do Trail Running no concelho da Ponta do Sol, na prova de 30km. O veterano Jos\u00e9 Ribeiro obteve outro excelente resultado entrando nos 10 primeiros, com a 9.\u00aa posi\u00e7\u00e3o da geral e &hellip; <\/p>\n<p><a class=\"more-link btn\" href=\"http:\/\/trail.camadeira.com\/?p=1945\">Continue a ler<\/a><\/p>\n","protected":false},"author":1,"featured_media":0,"comment_status":"closed","ping_status":"closed","sticky":false,"template":"","format":"standard","meta":[],"categories":[1],"tags":[],"_links":{"self":[{"href":"http:\/\/trail.camadeira.com\/index.php?rest_route=\/wp\/v2\/posts\/1945"}],"collection":[{"href":"http:\/\/trail.camadeira.com\/index.php?rest_route=\/wp\/v2\/posts"}],"about":[{"href":"http:\/\/trail.camadeira.com\/index.php?rest_route=\/wp\/v2\/types\/post"}],"author":[{"embeddable":true,"href":"http:\/\/trail.camadeira.com\/index.php?rest_route=\/wp\/v2\/users\/1"}],"replies":[{"embeddable":true,"href":"http:\/\/trail.camadeira.com\/index.php?rest_route=%2Fwp%2Fv2%2Fcomments&post=1945"}],"version-history":[{"count":2,"href":"http:\/\/trail.camadeira.com\/index.php?rest_route=\/wp\/v2\/posts\/1945\/revisions"}],"predecessor-version":[{"id":1949,"href":"http:\/\/trail.camadeira.com\/index.php?rest_route=\/wp\/v2\/posts\/1945\/revisions\/1949"}],"wp:attachment":[{"href":"http:\/\/trail.camadeira.com\/index.php?rest_route=%2Fwp%2Fv2%2Fmedia&parent=1945"}],"wp:term":[{"taxonomy":"category","embeddable":true,"href":"http:\/\/trail.camadeira.com\/index.php?rest_route=%2Fwp%2Fv2%2Fcategories&post=1945"},{"taxonomy":"post_tag","embeddable":true,"href":"http:\/\/trail.camadeira.com\/index.php?rest_route=%2Fwp%2Fv2%2Ftags&post=1945"}],"curies":[{"name":"wp","href":"https:\/\/api.w.org\/{rel}","templated":true}]}}