{"id":1934,"date":"2016-09-11T13:28:39","date_gmt":"2016-09-11T12:28:39","guid":{"rendered":"http:\/\/trail.camadeira.com\/?p=1934"},"modified":"2016-09-11T13:31:41","modified_gmt":"2016-09-11T12:31:41","slug":"certificado-finisher-trail-natureza-de-santa-cruz-2016","status":"publish","type":"post","link":"http:\/\/trail.camadeira.com\/?p=1934","title":{"rendered":"Certificado Finisher Trail Natureza de Santa Cruz 2016"},"content":{"rendered":"<p>J\u00e1 est\u00e1 dispon\u00edvel o certificado de participa\u00e7\u00e3o Finisher, se participaste podes obter o certificado digital <span style=\"text-decoration: underline; color: #0000ff;\"><strong><a style=\"color: #0000ff; text-decoration: underline;\" href=\"http:\/\/trail.camadeira.com\/?page_id=1929\" target=\"_blank\">AQUI<\/a><\/strong><\/span><\/p>\n<p><a href=\"http:\/\/trail.camadeira.com\/wp-content\/uploads\/2016\/09\/TNSC16_127-B.jpg\"><img loading=\"lazy\" class=\"aligncenter wp-image-1938\" src=\"http:\/\/trail.camadeira.com\/wp-content\/uploads\/2016\/09\/TNSC16_127-B.jpg\" alt=\"tnsc16_127-b\" width=\"785\" height=\"710\" srcset=\"http:\/\/trail.camadeira.com\/wp-content\/uploads\/2016\/09\/TNSC16_127-B.jpg 1120w, http:\/\/trail.camadeira.com\/wp-content\/uploads\/2016\/09\/TNSC16_127-B-300x271.jpg 300w, http:\/\/trail.camadeira.com\/wp-content\/uploads\/2016\/09\/TNSC16_127-B-1024x926.jpg 1024w\" sizes=\"(max-width: 785px) 100vw, 785px\" \/><\/a><\/p>\n","protected":false},"excerpt":{"rendered":"<p>J\u00e1 est\u00e1 dispon\u00edvel o certificado de participa\u00e7\u00e3o Finisher, se participaste podes obter o certificado digital AQUI<\/p>\n","protected":false},"author":1,"featured_media":0,"comment_status":"closed","ping_status":"closed","sticky":false,"template":"","format":"standard","meta":[],"categories":[1],"tags":[],"_links":{"self":[{"href":"http:\/\/trail.camadeira.com\/index.php?rest_route=\/wp\/v2\/posts\/1934"}],"collection":[{"href":"http:\/\/trail.camadeira.com\/index.php?rest_route=\/wp\/v2\/posts"}],"about":[{"href":"http:\/\/trail.camadeira.com\/index.php?rest_route=\/wp\/v2\/types\/post"}],"author":[{"embeddable":true,"href":"http:\/\/trail.camadeira.com\/index.php?rest_route=\/wp\/v2\/users\/1"}],"replies":[{"embeddable":true,"href":"http:\/\/trail.camadeira.com\/index.php?rest_route=%2Fwp%2Fv2%2Fcomments&post=1934"}],"version-history":[{"count":5,"href":"http:\/\/trail.camadeira.com\/index.php?rest_route=\/wp\/v2\/posts\/1934\/revisions"}],"predecessor-version":[{"id":1940,"href":"http:\/\/trail.camadeira.com\/index.php?rest_route=\/wp\/v2\/posts\/1934\/revisions\/1940"}],"wp:attachment":[{"href":"http:\/\/trail.camadeira.com\/index.php?rest_route=%2Fwp%2Fv2%2Fmedia&parent=1934"}],"wp:term":[{"taxonomy":"category","embeddable":true,"href":"http:\/\/trail.camadeira.com\/index.php?rest_route=%2Fwp%2Fv2%2Fcategories&post=1934"},{"taxonomy":"post_tag","embeddable":true,"href":"http:\/\/trail.camadeira.com\/index.php?rest_route=%2Fwp%2Fv2%2Ftags&post=1934"}],"curies":[{"name":"wp","href":"https:\/\/api.w.org\/{rel}","templated":true}]}}