{"id":1874,"date":"2016-09-05T11:41:55","date_gmt":"2016-09-05T10:41:55","guid":{"rendered":"http:\/\/trail.camadeira.com\/?p=1874"},"modified":"2016-09-07T17:03:20","modified_gmt":"2016-09-07T16:03:20","slug":"flavio-remesso-e-carlota-escorcio-vencem-trail-nas-serras-de-santo-antonio-da-serra","status":"publish","type":"post","link":"http:\/\/trail.camadeira.com\/?p=1874","title":{"rendered":"Fl\u00e1vio Remesso e Carlota Esc\u00f3rcio vencem Trail nas Serras de Santo Ant\u00f3nio da Serra"},"content":{"rendered":"<p>A organiza\u00e7\u00e3o do Clube Aventura da Madeira definiu os percursos do <strong>Trail Natureza de Santa Cruz<\/strong> num dos melhores cen\u00e1rios das serras do concelho, na Freguesia de Santo Ant\u00f3nio da Serra, entre os Ch\u00e3o das Aboboreiras, o Cabe\u00e7o Gordo e a Ribeira Primeira, levando os participantes a percorrer caminhos florestais, veredas e trilhos por entre uma vegeta\u00e7\u00e3o densa, onde destacam-se alguns n\u00facleos com esp\u00e9cies da floresta Laurissilva e algumas florestas de esp\u00e9cies ex\u00f3ticas de con\u00edferas e folhosas.<\/p>\n<p>O Trail Natureza de Santa Cruz teve um final emocionante, com tr\u00eas atletas em simult\u00e2neo a disputar a vit\u00f3ria nos 21km ao sprint. Depois de Ricardo Gouveia (Ind.) e Tiago Silva (ADRAP) liderarem a prova desde in\u00edcio, Fl\u00e1vio Remesso (ADRAP) acabou ultrapassar os seus competidores nos \u00faltimos metros e venceu com uma vantagem de 2 segundos, ficando Ricardo Gouveia na 2.\u00aa posi\u00e7\u00e3o e Tiago Silva em terceiro, no mesmo segundo. O Fl\u00e1vio Remesso completou os 21km em 1:39:05.<\/p>\n<p><a href=\"http:\/\/trail.camadeira.com\/wp-content\/uploads\/2016\/09\/FL\u00c1VIO-REMESSO-vencendo-com-Ricardo-Gouveia-e-Tiago-Silva-na-persegui\u00e7\u00e3o.jpg\"><img loading=\"lazy\" class=\"aligncenter size-full wp-image-1878\" src=\"http:\/\/trail.camadeira.com\/wp-content\/uploads\/2016\/09\/FL\u00c1VIO-REMESSO-vencendo-com-Ricardo-Gouveia-e-Tiago-Silva-na-persegui\u00e7\u00e3o.jpg\" alt=\"FL\u00c1VIO REMESSO vencendo com Ricardo Gouveia e Tiago Silva na persegui\u00e7\u00e3o\" width=\"768\" height=\"855\" srcset=\"http:\/\/trail.camadeira.com\/wp-content\/uploads\/2016\/09\/FL\u00c1VIO-REMESSO-vencendo-com-Ricardo-Gouveia-e-Tiago-Silva-na-persegui\u00e7\u00e3o.jpg 768w, http:\/\/trail.camadeira.com\/wp-content\/uploads\/2016\/09\/FL\u00c1VIO-REMESSO-vencendo-com-Ricardo-Gouveia-e-Tiago-Silva-na-persegui\u00e7\u00e3o-269x300.jpg 269w\" sizes=\"(max-width: 768px) 100vw, 768px\" \/><\/a><br \/>\nNa competi\u00e7\u00e3o feminina, Carlota Esc\u00f3rcio (Ind) surpreendeu no final, quando nos \u00faltimos quil\u00f3metros recuperou cerca de 2 minutos e venceu isolada, deixando para tr\u00e1s a concorr\u00eancia de Carla Caires (Individual) 2.\u00aa classificada e a francesa Eleonora Grammatika na 3.\u00aa posi\u00e7\u00e3o e Elsa Freitas (CDES) na 4.\u00aa posi\u00e7\u00e3o quando a 3,7km da meta era primeira.<\/p>\n<p><a href=\"http:\/\/trail.camadeira.com\/wp-content\/uploads\/2016\/09\/1.\u00aa-21km-Carlota-Esc\u00f3rcio.jpg\"><img loading=\"lazy\" class=\"aligncenter wp-image-1879\" src=\"http:\/\/trail.camadeira.com\/wp-content\/uploads\/2016\/09\/1.\u00aa-21km-Carlota-Esc\u00f3rcio.jpg\" alt=\"1.\u00aa 21km Carlota Esc\u00f3rcio\" width=\"771\" height=\"570\" srcset=\"http:\/\/trail.camadeira.com\/wp-content\/uploads\/2016\/09\/1.\u00aa-21km-Carlota-Esc\u00f3rcio.jpg 1024w, http:\/\/trail.camadeira.com\/wp-content\/uploads\/2016\/09\/1.\u00aa-21km-Carlota-Esc\u00f3rcio-300x222.jpg 300w\" sizes=\"(max-width: 771px) 100vw, 771px\" \/><\/a><br \/>\nPor equipas, nos masculinos venceu a ADRAP- Associa\u00e7\u00e3o Desportiva e Recreativa de \u00c1gua de Pena, em 2.\u00ba lugar a equipa do Clube Desportivo Infante e em 3.\u00ba a Associa\u00e7\u00e3o Cultural e Desportiva do Jardim da Serra. Na classifica\u00e7\u00e3o feminina o Clube Desportivo Infante venceu e na segunda posi\u00e7\u00e3o classificou-se a equipa JRoxoAlum\u00ednios.<\/p>\n<p>Na classifica\u00e7\u00e3o por escal\u00f5es foram vencedores nos masculinos, Angel Gama no MSub23, Ricardo C. Gouveia nos SEN M, Fl\u00e1vio Remesso no M35, Juvenal Faria no M40, Jo\u00e3o L. N\u00f3brega no M45, Jos\u00e9 Ribeiro no M50, Manuel Sardinha no M55 e Lu\u00eds Mendon\u00e7a no M60. Os escal\u00f5es femininos tiveram como vencedoras Carina Rodrigues no F Sub23, Carlota Esc\u00f3rcio nos SEN F, Eleonora Grammatika no F35, Carla Ca\u00edres no F40, Elsa Freitas no F45, Maria Silva no F50 e Manuela Carrilho no F55.<\/p>\n<p><strong>RESULTADOS TNSC 21Km 800m D+<\/strong><\/p>\n<ul>\n<li><a href=\"http:\/\/trail.camadeira.com\/wp-content\/uploads\/2016\/09\/GERAL-FEMININA-21KM.pdf\">GERAL FEMININA 21KM<\/a><\/li>\n<li><a href=\"http:\/\/trail.camadeira.com\/wp-content\/uploads\/2016\/09\/GERAL-MASCULINA-21KM.pdf\">GERAL MASCULINA 21KM<\/a><\/li>\n<li><a href=\"http:\/\/trail.camadeira.com\/wp-content\/uploads\/2016\/09\/EQUIPAS-21KM1.pdf\">EQUIPAS 21KM<\/a><\/li>\n<\/ul>\n<p><strong><img loading=\"lazy\" class=\"aligncenter wp-image-1877\" src=\"http:\/\/trail.camadeira.com\/wp-content\/uploads\/2016\/09\/DSC07083.jpg\" alt=\"DSC07083\" width=\"771\" height=\"578\" srcset=\"http:\/\/trail.camadeira.com\/wp-content\/uploads\/2016\/09\/DSC07083.jpg 1024w, http:\/\/trail.camadeira.com\/wp-content\/uploads\/2016\/09\/DSC07083-300x225.jpg 300w\" sizes=\"(max-width: 771px) 100vw, 771px\" \/>M\u00e1rcio Coelho e Michele Faria vencem o Trail Curto 10km 110m D+<\/strong><\/p>\n<p>No Trail Curto, com 10km e 110m de desn\u00edvel positivo, a vit\u00f3ria na competi\u00e7\u00e3o Masculina coube a M\u00e1rcio Coelho com 0:42:08, seguido de Duarte Costa (0:43:05) e Jos\u00e9 Rodrigues na terceira posi\u00e7\u00e3o com (0:43:39). Na competi\u00e7\u00e3o feminina vit\u00f3ria para Michele Faria que concluiu a prova com o tempo de 0:51:44. Na segunda posi\u00e7\u00e3o classificou-se Josefina Caires (0:55:16) e Cl\u00e1udia Azevedo (0:55:39) fechou o p\u00f3dio.<\/p>\n<p><a href=\"http:\/\/trail.camadeira.com\/wp-content\/uploads\/2016\/09\/marcio-coelho-1.\u00ba-10km.jpg\"><img loading=\"lazy\" class=\"aligncenter size-full wp-image-1881\" src=\"http:\/\/trail.camadeira.com\/wp-content\/uploads\/2016\/09\/marcio-coelho-1.\u00ba-10km.jpg\" alt=\"marcio coelho 1.\u00ba 10km\" width=\"1024\" height=\"756\" srcset=\"http:\/\/trail.camadeira.com\/wp-content\/uploads\/2016\/09\/marcio-coelho-1.\u00ba-10km.jpg 1024w, http:\/\/trail.camadeira.com\/wp-content\/uploads\/2016\/09\/marcio-coelho-1.\u00ba-10km-300x221.jpg 300w\" sizes=\"(max-width: 1024px) 100vw, 1024px\" \/><\/a><\/p>\n<p>De referir que a prova contou com 307 inscritos, entre os quais alguns atletas estrangeiros, que aproveitaram a vinda \u00e0 Madeira e participaram animando a competi\u00e7\u00e3o, com destaque para o 4.\u00ba absoluto do polaco Bartosz Misiak e o 3.\u00ba da francesa Eleonora Grammatika na prova principal de 21km.<\/p>\n<p>Para al\u00e9m de todos dos participantes e organiza\u00e7\u00e3o a zona da prova recebeu muito p\u00fablico para assistir \u00e0 passagem dos participantes nos diversos pontos do percurso acess\u00edveis e na Chegada.<\/p>\n<p>O evento contou com o apoio da Associa\u00e7\u00e3o Desportiva e Cultural de Santo Ant\u00f3nio da Serra, C\u00e2mara Municipal de Santa Cruz, Guarda Nacional Republicana, Associa\u00e7\u00e3o da Madeira de Desporto para Todos, AARAM, DRJD e Instituto de Florestas e Conserva\u00e7\u00e3o da Natureza.<\/p>\n<p><strong>RESULTADOS Trail Curto 10Km 110m D+<\/strong><\/p>\n<ul>\n<li><a href=\"http:\/\/trail.camadeira.com\/wp-content\/uploads\/2016\/09\/GERAL-FEM-10Km-.pdf\">GERAL FEM 10Km<\/a><\/li>\n<li><a href=\"http:\/\/trail.camadeira.com\/wp-content\/uploads\/2016\/09\/GERAL-MASC-10Km-.pdf\">GERAL MASC 10Km<\/a><\/li>\n<li><a href=\"http:\/\/trail.camadeira.com\/wp-content\/uploads\/2016\/09\/ESCAL\u00d5ES-FEM-10Km-1.pdf\">ESCAL\u00d5ES FEM 10Km<\/a><\/li>\n<li><a href=\"http:\/\/trail.camadeira.com\/wp-content\/uploads\/2016\/09\/ESCAL\u00d5ES-MASC-10KM.pdf\">ESCAL\u00d5ES MASC 10KM<\/a><\/li>\n<\/ul>\n","protected":false},"excerpt":{"rendered":"<p>A organiza\u00e7\u00e3o do Clube Aventura da Madeira definiu os percursos do Trail Natureza de Santa Cruz num dos melhores cen\u00e1rios das serras do concelho, na Freguesia de Santo Ant\u00f3nio da Serra, entre os Ch\u00e3o das Aboboreiras, o Cabe\u00e7o Gordo e a Ribeira Primeira, levando os participantes a percorrer caminhos florestais, veredas e trilhos por entre &hellip; <\/p>\n<p><a class=\"more-link btn\" href=\"http:\/\/trail.camadeira.com\/?p=1874\">Continue a ler<\/a><\/p>\n","protected":false},"author":1,"featured_media":0,"comment_status":"closed","ping_status":"closed","sticky":false,"template":"","format":"standard","meta":[],"categories":[1],"tags":[],"_links":{"self":[{"href":"http:\/\/trail.camadeira.com\/index.php?rest_route=\/wp\/v2\/posts\/1874"}],"collection":[{"href":"http:\/\/trail.camadeira.com\/index.php?rest_route=\/wp\/v2\/posts"}],"about":[{"href":"http:\/\/trail.camadeira.com\/index.php?rest_route=\/wp\/v2\/types\/post"}],"author":[{"embeddable":true,"href":"http:\/\/trail.camadeira.com\/index.php?rest_route=\/wp\/v2\/users\/1"}],"replies":[{"embeddable":true,"href":"http:\/\/trail.camadeira.com\/index.php?rest_route=%2Fwp%2Fv2%2Fcomments&post=1874"}],"version-history":[{"count":16,"href":"http:\/\/trail.camadeira.com\/index.php?rest_route=\/wp\/v2\/posts\/1874\/revisions"}],"predecessor-version":[{"id":1914,"href":"http:\/\/trail.camadeira.com\/index.php?rest_route=\/wp\/v2\/posts\/1874\/revisions\/1914"}],"wp:attachment":[{"href":"http:\/\/trail.camadeira.com\/index.php?rest_route=%2Fwp%2Fv2%2Fmedia&parent=1874"}],"wp:term":[{"taxonomy":"category","embeddable":true,"href":"http:\/\/trail.camadeira.com\/index.php?rest_route=%2Fwp%2Fv2%2Fcategories&post=1874"},{"taxonomy":"post_tag","embeddable":true,"href":"http:\/\/trail.camadeira.com\/index.php?rest_route=%2Fwp%2Fv2%2Ftags&post=1874"}],"curies":[{"name":"wp","href":"https:\/\/api.w.org\/{rel}","templated":true}]}}