{"id":1832,"date":"2016-08-30T00:00:37","date_gmt":"2016-08-29T23:00:37","guid":{"rendered":"http:\/\/trail.camadeira.com\/?p=1832"},"modified":"2016-08-30T23:11:30","modified_gmt":"2016-08-30T22:11:30","slug":"hoje-30-de-agosto-terminam-as-inscricoes","status":"publish","type":"post","link":"http:\/\/trail.camadeira.com\/?p=1832","title":{"rendered":"Hoje (30 de Agosto) terminam as inscri\u00e7\u00f5es!"},"content":{"rendered":"<p>A organiza\u00e7\u00e3o do Trail Natureza de Santa Cruz chama aten\u00e7\u00e3o de todos os interessados que a data limite para inscri\u00e7\u00f5es termina hoje, 30 de Agosto de 2016.<\/p>\n[important]Todos os interessados que formalizaram a inscri\u00e7\u00e3o e n\u00e3o efetuaram o respetivo pagamento, devem concluir o processo at\u00e9 \u00e0s 24h do dia de hoje, 30 de agosto de 2016. As inscri\u00e7\u00f5es n\u00e3o pagas ser\u00e3o retiradas das listagens.[\/important]\n<p><a href=\"http:\/\/trail.camadeira.com\/wp-content\/uploads\/2016\/08\/foto-promo-santa-cruz-2016-copy.jpg\"><img loading=\"lazy\" class=\"aligncenter  wp-image-1836\" src=\"http:\/\/trail.camadeira.com\/wp-content\/uploads\/2016\/08\/foto-promo-santa-cruz-2016-copy.jpg\" alt=\"foto promo santa cruz 2016 copy\" width=\"780\" height=\"777\" srcset=\"http:\/\/trail.camadeira.com\/wp-content\/uploads\/2016\/08\/foto-promo-santa-cruz-2016-copy.jpg 1170w, http:\/\/trail.camadeira.com\/wp-content\/uploads\/2016\/08\/foto-promo-santa-cruz-2016-copy-150x150.jpg 150w, http:\/\/trail.camadeira.com\/wp-content\/uploads\/2016\/08\/foto-promo-santa-cruz-2016-copy-300x300.jpg 300w, http:\/\/trail.camadeira.com\/wp-content\/uploads\/2016\/08\/foto-promo-santa-cruz-2016-copy-1024x1020.jpg 1024w\" sizes=\"(max-width: 780px) 100vw, 780px\" \/><\/a><\/p>\n","protected":false},"excerpt":{"rendered":"<p>A organiza\u00e7\u00e3o do Trail Natureza de Santa Cruz chama aten\u00e7\u00e3o de todos os interessados que a data limite para inscri\u00e7\u00f5es termina hoje, 30 de Agosto de 2016. [important]Todos os interessados que formalizaram a inscri\u00e7\u00e3o e n\u00e3o efetuaram o respetivo pagamento, devem concluir o processo at\u00e9 \u00e0s 24h do dia de hoje, 30 de agosto de &hellip; <\/p>\n<p><a class=\"more-link btn\" href=\"http:\/\/trail.camadeira.com\/?p=1832\">Continue a ler<\/a><\/p>\n","protected":false},"author":1,"featured_media":0,"comment_status":"closed","ping_status":"closed","sticky":false,"template":"","format":"standard","meta":[],"categories":[1],"tags":[],"_links":{"self":[{"href":"http:\/\/trail.camadeira.com\/index.php?rest_route=\/wp\/v2\/posts\/1832"}],"collection":[{"href":"http:\/\/trail.camadeira.com\/index.php?rest_route=\/wp\/v2\/posts"}],"about":[{"href":"http:\/\/trail.camadeira.com\/index.php?rest_route=\/wp\/v2\/types\/post"}],"author":[{"embeddable":true,"href":"http:\/\/trail.camadeira.com\/index.php?rest_route=\/wp\/v2\/users\/1"}],"replies":[{"embeddable":true,"href":"http:\/\/trail.camadeira.com\/index.php?rest_route=%2Fwp%2Fv2%2Fcomments&post=1832"}],"version-history":[{"count":3,"href":"http:\/\/trail.camadeira.com\/index.php?rest_route=\/wp\/v2\/posts\/1832\/revisions"}],"predecessor-version":[{"id":1837,"href":"http:\/\/trail.camadeira.com\/index.php?rest_route=\/wp\/v2\/posts\/1832\/revisions\/1837"}],"wp:attachment":[{"href":"http:\/\/trail.camadeira.com\/index.php?rest_route=%2Fwp%2Fv2%2Fmedia&parent=1832"}],"wp:term":[{"taxonomy":"category","embeddable":true,"href":"http:\/\/trail.camadeira.com\/index.php?rest_route=%2Fwp%2Fv2%2Fcategories&post=1832"},{"taxonomy":"post_tag","embeddable":true,"href":"http:\/\/trail.camadeira.com\/index.php?rest_route=%2Fwp%2Fv2%2Ftags&post=1832"}],"curies":[{"name":"wp","href":"https:\/\/api.w.org\/{rel}","templated":true}]}}