{"id":1816,"date":"2016-08-25T21:25:44","date_gmt":"2016-08-25T20:25:44","guid":{"rendered":"http:\/\/trail.camadeira.com\/?p=1816"},"modified":"2016-08-25T21:39:22","modified_gmt":"2016-08-25T20:39:22","slug":"percursos-ficheiros-digitais-disponiveis","status":"publish","type":"post","link":"http:\/\/trail.camadeira.com\/?p=1816","title":{"rendered":"Percursos &#8211; Ficheiros digitais dispon\u00edveis"},"content":{"rendered":"<p>Os percursos em ficheiro digital do Trail Natureza de Santa Cruz j\u00e1 est\u00e3o dispon\u00edveis. Consulte o seu percurso e fa\u00e7a o planeamento da sua participa\u00e7\u00e3o.<\/p>\n<p>Ver no item <strong><a href=\"http:\/\/trail.camadeira.com\/?page_id=1773\">Percursos 2016<\/a><\/strong><\/p>\n<p><a href=\"http:\/\/trail.camadeira.com\/wp-content\/uploads\/2016\/08\/DSC06178.jpg\"><img loading=\"lazy\" class=\"aligncenter wp-image-1817\" src=\"http:\/\/trail.camadeira.com\/wp-content\/uploads\/2016\/08\/DSC06178.jpg\" alt=\"DSC06178\" width=\"785\" height=\"589\" srcset=\"http:\/\/trail.camadeira.com\/wp-content\/uploads\/2016\/08\/DSC06178.jpg 1555w, http:\/\/trail.camadeira.com\/wp-content\/uploads\/2016\/08\/DSC06178-300x225.jpg 300w, http:\/\/trail.camadeira.com\/wp-content\/uploads\/2016\/08\/DSC06178-1024x768.jpg 1024w\" sizes=\"(max-width: 785px) 100vw, 785px\" \/><\/a><\/p>\n","protected":false},"excerpt":{"rendered":"<p>Os percursos em ficheiro digital do Trail Natureza de Santa Cruz j\u00e1 est\u00e3o dispon\u00edveis. Consulte o seu percurso e fa\u00e7a o planeamento da sua participa\u00e7\u00e3o. Ver no item Percursos 2016<\/p>\n","protected":false},"author":1,"featured_media":0,"comment_status":"closed","ping_status":"closed","sticky":false,"template":"","format":"standard","meta":[],"categories":[1],"tags":[],"_links":{"self":[{"href":"http:\/\/trail.camadeira.com\/index.php?rest_route=\/wp\/v2\/posts\/1816"}],"collection":[{"href":"http:\/\/trail.camadeira.com\/index.php?rest_route=\/wp\/v2\/posts"}],"about":[{"href":"http:\/\/trail.camadeira.com\/index.php?rest_route=\/wp\/v2\/types\/post"}],"author":[{"embeddable":true,"href":"http:\/\/trail.camadeira.com\/index.php?rest_route=\/wp\/v2\/users\/1"}],"replies":[{"embeddable":true,"href":"http:\/\/trail.camadeira.com\/index.php?rest_route=%2Fwp%2Fv2%2Fcomments&post=1816"}],"version-history":[{"count":3,"href":"http:\/\/trail.camadeira.com\/index.php?rest_route=\/wp\/v2\/posts\/1816\/revisions"}],"predecessor-version":[{"id":1827,"href":"http:\/\/trail.camadeira.com\/index.php?rest_route=\/wp\/v2\/posts\/1816\/revisions\/1827"}],"wp:attachment":[{"href":"http:\/\/trail.camadeira.com\/index.php?rest_route=%2Fwp%2Fv2%2Fmedia&parent=1816"}],"wp:term":[{"taxonomy":"category","embeddable":true,"href":"http:\/\/trail.camadeira.com\/index.php?rest_route=%2Fwp%2Fv2%2Fcategories&post=1816"},{"taxonomy":"post_tag","embeddable":true,"href":"http:\/\/trail.camadeira.com\/index.php?rest_route=%2Fwp%2Fv2%2Ftags&post=1816"}],"curies":[{"name":"wp","href":"https:\/\/api.w.org\/{rel}","templated":true}]}}