{"id":1814,"date":"2016-08-22T17:00:52","date_gmt":"2016-08-22T16:00:52","guid":{"rendered":"http:\/\/trail.camadeira.com\/?p=1814"},"modified":"2016-08-27T04:34:10","modified_gmt":"2016-08-27T03:34:10","slug":"inscricoes-disponiveis-para-correr-na-natureza-de-santa-cruz","status":"publish","type":"post","link":"http:\/\/trail.camadeira.com\/?p=1814","title":{"rendered":"Inscri\u00e7\u00f5es dispon\u00edveis para correr na Natureza de Santa Cruz"},"content":{"rendered":"<p>O Trail Running volta \u00e0 melhor Natureza de Santa Cruz no pr\u00f3ximo dia\u00a04 de setembro, com duas dist\u00e2ncias em disputa pontu\u00e1veis para o Calend\u00e1rio &#8220;Madeira Trail&#8221; da AARAM 2015\/2016.<\/p>\n<p>A concentra\u00e7\u00e3o, a partida da dist\u00e2ncia 21km e Chegadas de ambas as provas ir\u00e3o decorrer no Campo de Futebol do Santo da Serra numa parceria com a Associa\u00e7\u00e3o Desportiva e Cultural de Santo Ant\u00f3nio da Santo da Serra.<\/p>\n<p>A prova principal tem partida \u00e0s 9h00 para um itiner\u00e1rio em circuito, que passa pela Levada da Serra do Faial, \u00e1reas de urzal, florestas de pinhal e \u00e1rvores de folha caduca nesta \u00e9poca com folhas verdejantes, pelo Ch\u00e3o das Aboboreiras e outros locais particulares da melhor Natureza do concelho de Santa Cruz, que tamb\u00e9m s\u00e3o percorridos pela prova curta de 10km, que tanto pode ser em competi\u00e7\u00e3o ou um passeio para fazer em tr\u00eas horas, maioritariamente a descer e plano.<\/p>\n<p><strong>Inscri\u00e7\u00f5es <a href=\"http:\/\/trail.camadeira.com\/?page_id=1439\" target=\"_blank\">AQUI<\/a><\/strong><\/p>\n<p><a href=\"http:\/\/trail.camadeira.com\/wp-content\/uploads\/2016\/08\/CARTAZ-CRUZ-net.jpg\"><img loading=\"lazy\" class=\"aligncenter  wp-image-1829\" src=\"http:\/\/trail.camadeira.com\/wp-content\/uploads\/2016\/08\/CARTAZ-CRUZ-net.jpg\" alt=\"CARTAZ CRUZ net\" width=\"790\" height=\"1037\" srcset=\"http:\/\/trail.camadeira.com\/wp-content\/uploads\/2016\/08\/CARTAZ-CRUZ-net.jpg 1285w, http:\/\/trail.camadeira.com\/wp-content\/uploads\/2016\/08\/CARTAZ-CRUZ-net-229x300.jpg 229w, http:\/\/trail.camadeira.com\/wp-content\/uploads\/2016\/08\/CARTAZ-CRUZ-net-780x1024.jpg 780w\" sizes=\"(max-width: 790px) 100vw, 790px\" \/><\/a><\/p>\n<p>&nbsp;<\/p>\n<p>&nbsp;<\/p>\n","protected":false},"excerpt":{"rendered":"<p>O Trail Running volta \u00e0 melhor Natureza de Santa Cruz no pr\u00f3ximo dia\u00a04 de setembro, com duas dist\u00e2ncias em disputa pontu\u00e1veis para o Calend\u00e1rio &#8220;Madeira Trail&#8221; da AARAM 2015\/2016. A concentra\u00e7\u00e3o, a partida da dist\u00e2ncia 21km e Chegadas de ambas as provas ir\u00e3o decorrer no Campo de Futebol do Santo da Serra numa parceria com &hellip; <\/p>\n<p><a class=\"more-link btn\" href=\"http:\/\/trail.camadeira.com\/?p=1814\">Continue a ler<\/a><\/p>\n","protected":false},"author":1,"featured_media":0,"comment_status":"closed","ping_status":"closed","sticky":false,"template":"","format":"standard","meta":[],"categories":[1],"tags":[],"_links":{"self":[{"href":"http:\/\/trail.camadeira.com\/index.php?rest_route=\/wp\/v2\/posts\/1814"}],"collection":[{"href":"http:\/\/trail.camadeira.com\/index.php?rest_route=\/wp\/v2\/posts"}],"about":[{"href":"http:\/\/trail.camadeira.com\/index.php?rest_route=\/wp\/v2\/types\/post"}],"author":[{"embeddable":true,"href":"http:\/\/trail.camadeira.com\/index.php?rest_route=\/wp\/v2\/users\/1"}],"replies":[{"embeddable":true,"href":"http:\/\/trail.camadeira.com\/index.php?rest_route=%2Fwp%2Fv2%2Fcomments&post=1814"}],"version-history":[{"count":3,"href":"http:\/\/trail.camadeira.com\/index.php?rest_route=\/wp\/v2\/posts\/1814\/revisions"}],"predecessor-version":[{"id":1831,"href":"http:\/\/trail.camadeira.com\/index.php?rest_route=\/wp\/v2\/posts\/1814\/revisions\/1831"}],"wp:attachment":[{"href":"http:\/\/trail.camadeira.com\/index.php?rest_route=%2Fwp%2Fv2%2Fmedia&parent=1814"}],"wp:term":[{"taxonomy":"category","embeddable":true,"href":"http:\/\/trail.camadeira.com\/index.php?rest_route=%2Fwp%2Fv2%2Fcategories&post=1814"},{"taxonomy":"post_tag","embeddable":true,"href":"http:\/\/trail.camadeira.com\/index.php?rest_route=%2Fwp%2Fv2%2Ftags&post=1814"}],"curies":[{"name":"wp","href":"https:\/\/api.w.org\/{rel}","templated":true}]}}