{"id":181,"date":"2010-03-26T19:21:22","date_gmt":"2010-03-26T18:21:22","guid":{"rendered":"http:\/\/trail.camadeira.com\/?p=181"},"modified":"2010-04-13T00:26:20","modified_gmt":"2010-04-12T23:26:20","slug":"pedro-alves-finisher-pela-2%c2%aa-vez-na-dura-transgrancanaria","status":"publish","type":"post","link":"http:\/\/trail.camadeira.com\/?p=181","title":{"rendered":"Pedro Alves finisher pela 2\u00aa vez na dura Transgrancanaria"},"content":{"rendered":"<p>As 00:00h do dia 6 de Marco (s\u00e1bado) deu-se inicio da X Transgrancanaria que contou com a participa\u00e7\u00e3o do atleta Pedro Alves do Clube Aventura da Madeira. Eram 02:30 de domingo quando Pedro Alves, pela segunda vez, cruzou a meta da Transgrancanaria na Playa de Las Canteras.<\/p>\n<p style=\"text-align: center;\"><a href=\"http:\/\/trail.camadeira.com\/wp-content\/uploads\/2010\/03\/IMG00052-20100306-0902.jpg\"><img loading=\"lazy\" class=\"aligncenter size-medium wp-image-184\" title=\"IMG00052-20100306-0902\" src=\"http:\/\/trail.camadeira.com\/wp-content\/uploads\/2010\/03\/IMG00052-20100306-0902-300x224.jpg\" alt=\"\" width=\"300\" height=\"224\" \/><\/a><\/p>\n<p>O atleta deixa aqui no blog o seu testemunho da prova :<\/p>\n<p>&#8220;Embora a prova tenha sofrido altera\u00e7\u00f5es desde 2008, aquando da minha anterior participa\u00e7\u00e3o, com o aumento da distancia e desn\u00edvel, a partida deu-se novamente em Maspalomas onde a fase inicial contou j\u00e1 com a c\u00e9lebre travessia das dunas. Ap\u00f3s estas, os atletas deparam-se com uma subida da mar\u00e9 que molhou a todos o calcado. Alguns participantes ainda tiraram meias e sapatilhas, que n\u00e3o serviu muito pois a subida em direc\u00e7\u00e3o ao primeiro ponto de controle trouxe outra desagrad\u00e1vel surpresa&#8230; a ribeira habitualmente seca, este ano corria imensamente, obrigando os corredores a percorrerem cerca de 2 km sempre dentro de agua. Surgiram aqui j\u00e1 algumas quedas e desist\u00eancias.<\/p>\n<p style=\"text-align: center;\"><a href=\"http:\/\/trail.camadeira.com\/wp-content\/uploads\/2010\/03\/tgc1.jpg\"><img loading=\"lazy\" class=\"alignleft size-medium wp-image-185\" title=\"tgc1\" src=\"http:\/\/trail.camadeira.com\/wp-content\/uploads\/2010\/03\/tgc1-300x198.jpg\" alt=\"\" width=\"240\" height=\"158\" \/><\/a> <a href=\"http:\/\/trail.camadeira.com\/wp-content\/uploads\/2010\/03\/tgc2.jpg\"><img loading=\"lazy\" class=\"aligncenter size-medium wp-image-186\" title=\"tgc2\" src=\"http:\/\/trail.camadeira.com\/wp-content\/uploads\/2010\/03\/tgc2-300x198.jpg\" alt=\"\" width=\"240\" height=\"158\" \/><\/a><\/p>\n<p style=\"text-align: center;\"><a href=\"http:\/\/trail.camadeira.com\/wp-content\/uploads\/2010\/03\/tgc1.jpg\"><br \/>\n<\/a><\/p>\n<p>J\u00e1 em terreno seco a subida em direc\u00e7\u00e3o a Tunte foi alterada, tendo nesta parte do trajecto sofrido alguns problemas g\u00e1stricos com constantes na\u00faseas, incapacitando-me de ingerir l\u00edquidos ou s\u00f3lidos, e consequentemente a ficar mais fraco chegando a ter algumas sensa\u00e7\u00f5es de desmaio. Perante este cen\u00e1rio e com uma subida com quase 1000 metros de desn\u00edvel o abandono esteve \u00e0 vista e a subida foi muito penosa. Finalmente com a chegada a Tunte onde tinha um abastecimento, fiz uma paragem de cerca de 45 minutos que me possibilitou ter uma boa recupera\u00e7\u00e3o, e assim a sempre dif\u00edcil\u00a0 ascens\u00e3o ate Roque Nublo foi feita sempre a ganhar posi\u00e7\u00f5es, bem como numa nova parte do percurso que incluiu uma subida ao Pico de Nas Nieves acima dos 1900 metros, e logo de seguida, da n\u00e3o menos dura descida at\u00e9 Garanhon (km 81) onde era o segundo reabastecimento s\u00f3lido. Seria ent\u00e3o que teria lugar a desgastante e dif\u00edcil descida ate Teror, Los Gilles e posteriormente at\u00e9 a meta. De frisar a m\u00e1 sinaliza\u00e7\u00e3o em algumas partes do percurso que levaram alguns atletas como eu a se perder. Perante este cen\u00e1rio optei por me associar a outros 3 corredores a fim de evitar mais erros de trajecto, pelo que este grupo manteve-se compacto ate o cortar da meta, com o tempo de 26h33m25s na 134\u00aa posi\u00e7\u00e3o geral.<\/p>\n<p><a href=\"http:\/\/trail.camadeira.com\/wp-content\/uploads\/2010\/03\/IMG00058-20100307-20031.jpg\"><img loading=\"lazy\" class=\"alignleft size-medium wp-image-188\" title=\"IMG00058-20100307-20031\" src=\"http:\/\/trail.camadeira.com\/wp-content\/uploads\/2010\/03\/IMG00058-20100307-20031-199x300.jpg\" alt=\"\" width=\"199\" height=\"300\" \/><\/a> <a href=\"http:\/\/trail.camadeira.com\/wp-content\/uploads\/2010\/03\/trans-grancanaria-mar\u00e7o-2010-922.jpg\"><img loading=\"lazy\" class=\"aligncenter size-medium wp-image-183\" title=\"trans grancanaria mar\u00e7o 2010 (92)2\" src=\"http:\/\/trail.camadeira.com\/wp-content\/uploads\/2010\/03\/trans-grancanaria-mar\u00e7o-2010-922-200x300.jpg\" alt=\"\" width=\"200\" height=\"300\" srcset=\"http:\/\/trail.camadeira.com\/wp-content\/uploads\/2010\/03\/trans-grancanaria-mar\u00e7o-2010-922-200x300.jpg 200w, http:\/\/trail.camadeira.com\/wp-content\/uploads\/2010\/03\/trans-grancanaria-mar\u00e7o-2010-922.jpg 500w\" sizes=\"(max-width: 200px) 100vw, 200px\" \/><\/a><\/p>\n<p>De referir a cada vez melhor organiza\u00e7\u00e3o deste evento e a extrema dureza da prova que levou a cerca de metade dos participantes a desistir, que j\u00e1 em 2008 foram apenas 30%\u00a0 atletas que conseguiram terminar.<br \/>\nE tamb\u00e9m de real\u00e7ar, a n\u00edvel pessoal, a import\u00e2ncia desta participa\u00e7\u00e3o para mim que serviu para me preparar para o Ultra Trail du Atlas Toubkal em Marrocos, que apesar de ser uma estreia tamb\u00e9m ser\u00e1 no \u00e2mbito de prepara\u00e7\u00e3o para o maior objectivo maior deste ano, que \u00e9 o Tor de Geants em It\u00e1lia.&#8221;<\/p>\n<p>A edi\u00e7\u00e3o deste ano foi ganha pelo campe\u00e3o espanhol Miguel Heras com o tempo de 13h04m14s, logo na sua primeira participa\u00e7\u00e3o na prova, bem como a sua primeira prova da \u00e9poca que cujo objectivo \u00e9 a sua participa\u00e7\u00e3o no UTMB. Nas senhoras a vit\u00f3ria foi naturalmente para a inglesa Elizabeth Walker (vencedora do Ultra Trail du Mont Blanc em 2009) com o tempo de 16h00m00s, classificando-se em d\u00e9cima da geral.<\/p>\n<p><strong><a href=\"http:\/\/www.transgrancanaria.net\/index.php?option=com_content&amp;view=article&amp;id=177%3Aclasificaciones-2010&amp;catid=2%3Aactualidad&amp;Itemid=5&amp;lang=en\" target=\"_blank\">RESULTADOS<\/a><\/strong><\/p>\n","protected":false},"excerpt":{"rendered":"<p>As 00:00h do dia 6 de Marco (s\u00e1bado) deu-se inicio da X Transgrancanaria que contou com a participa\u00e7\u00e3o do atleta Pedro Alves do Clube Aventura da Madeira. Eram 02:30 de domingo quando Pedro Alves, pela segunda vez, cruzou a meta da Transgrancanaria na Playa de Las Canteras. O atleta deixa aqui no blog o seu &hellip; <\/p>\n<p><a class=\"more-link btn\" href=\"http:\/\/trail.camadeira.com\/?p=181\">Continue a ler<\/a><\/p>\n","protected":false},"author":1,"featured_media":0,"comment_status":"open","ping_status":"open","sticky":false,"template":"","format":"standard","meta":[],"categories":[1],"tags":[],"_links":{"self":[{"href":"http:\/\/trail.camadeira.com\/index.php?rest_route=\/wp\/v2\/posts\/181"}],"collection":[{"href":"http:\/\/trail.camadeira.com\/index.php?rest_route=\/wp\/v2\/posts"}],"about":[{"href":"http:\/\/trail.camadeira.com\/index.php?rest_route=\/wp\/v2\/types\/post"}],"author":[{"embeddable":true,"href":"http:\/\/trail.camadeira.com\/index.php?rest_route=\/wp\/v2\/users\/1"}],"replies":[{"embeddable":true,"href":"http:\/\/trail.camadeira.com\/index.php?rest_route=%2Fwp%2Fv2%2Fcomments&post=181"}],"version-history":[{"count":6,"href":"http:\/\/trail.camadeira.com\/index.php?rest_route=\/wp\/v2\/posts\/181\/revisions"}],"predecessor-version":[{"id":202,"href":"http:\/\/trail.camadeira.com\/index.php?rest_route=\/wp\/v2\/posts\/181\/revisions\/202"}],"wp:attachment":[{"href":"http:\/\/trail.camadeira.com\/index.php?rest_route=%2Fwp%2Fv2%2Fmedia&parent=181"}],"wp:term":[{"taxonomy":"category","embeddable":true,"href":"http:\/\/trail.camadeira.com\/index.php?rest_route=%2Fwp%2Fv2%2Fcategories&post=181"},{"taxonomy":"post_tag","embeddable":true,"href":"http:\/\/trail.camadeira.com\/index.php?rest_route=%2Fwp%2Fv2%2Ftags&post=181"}],"curies":[{"name":"wp","href":"https:\/\/api.w.org\/{rel}","templated":true}]}}