{"id":1794,"date":"2016-08-21T22:37:27","date_gmt":"2016-08-21T21:37:27","guid":{"rendered":"http:\/\/trail.camadeira.com\/?p=1794"},"modified":"2016-08-21T22:37:41","modified_gmt":"2016-08-21T21:37:41","slug":"abertura-de-inscricoes-22-de-agosto-2016","status":"publish","type":"post","link":"http:\/\/trail.camadeira.com\/?p=1794","title":{"rendered":"Abertura de Inscri\u00e7\u00f5es 22 de agosto 2016"},"content":{"rendered":"<p>O Trail Natureza de Santa Cruz promete uma excelente jornada de corrida pelas serras de Santa Cruz, numa das \u00e1reas mais verdes do conselho. Dois percursos previstos, de 21km e 800m D+ e 10Km 110m D+ poder\u00e3o constituir\u00a0desafios ao alcance\u00a0de todos os interessados na pr\u00e1tica do Trail Running.<\/p>\n<p>Para os atletas federados que disputam o Circuito Madeira Trail, cumpre-se mais uma etapa de Trail Longo e outra de Trail curto pontu\u00e1veis para os respetivos rankings da AARAM.<\/p>\n<p>Inscri\u00e7\u00f5es estar\u00e3o dispon\u00edveis entre 22 e 30 de agosto de 2016, nesta p\u00e1gina.<\/p>\n<p>N\u00e3o faltes, esta natureza espera-te!<\/p>\n<p><a href=\"http:\/\/trail.camadeira.com\/wp-content\/uploads\/2016\/08\/DSC06130.jpg\"><img loading=\"lazy\" class=\"aligncenter size-full wp-image-1791\" src=\"http:\/\/trail.camadeira.com\/wp-content\/uploads\/2016\/08\/DSC06130.jpg\" alt=\"DSC06130\" width=\"1555\" height=\"1166\" srcset=\"http:\/\/trail.camadeira.com\/wp-content\/uploads\/2016\/08\/DSC06130.jpg 1555w, http:\/\/trail.camadeira.com\/wp-content\/uploads\/2016\/08\/DSC06130-300x225.jpg 300w, http:\/\/trail.camadeira.com\/wp-content\/uploads\/2016\/08\/DSC06130-1024x768.jpg 1024w\" sizes=\"(max-width: 1555px) 100vw, 1555px\" \/><\/a><\/p>\n","protected":false},"excerpt":{"rendered":"<p>O Trail Natureza de Santa Cruz promete uma excelente jornada de corrida pelas serras de Santa Cruz, numa das \u00e1reas mais verdes do conselho. Dois percursos previstos, de 21km e 800m D+ e 10Km 110m D+ poder\u00e3o constituir\u00a0desafios ao alcance\u00a0de todos os interessados na pr\u00e1tica do Trail Running. Para os atletas federados que disputam o &hellip; <\/p>\n<p><a class=\"more-link btn\" href=\"http:\/\/trail.camadeira.com\/?p=1794\">Continue a ler<\/a><\/p>\n","protected":false},"author":1,"featured_media":0,"comment_status":"closed","ping_status":"closed","sticky":false,"template":"","format":"standard","meta":[],"categories":[1],"tags":[],"_links":{"self":[{"href":"http:\/\/trail.camadeira.com\/index.php?rest_route=\/wp\/v2\/posts\/1794"}],"collection":[{"href":"http:\/\/trail.camadeira.com\/index.php?rest_route=\/wp\/v2\/posts"}],"about":[{"href":"http:\/\/trail.camadeira.com\/index.php?rest_route=\/wp\/v2\/types\/post"}],"author":[{"embeddable":true,"href":"http:\/\/trail.camadeira.com\/index.php?rest_route=\/wp\/v2\/users\/1"}],"replies":[{"embeddable":true,"href":"http:\/\/trail.camadeira.com\/index.php?rest_route=%2Fwp%2Fv2%2Fcomments&post=1794"}],"version-history":[{"count":1,"href":"http:\/\/trail.camadeira.com\/index.php?rest_route=\/wp\/v2\/posts\/1794\/revisions"}],"predecessor-version":[{"id":1795,"href":"http:\/\/trail.camadeira.com\/index.php?rest_route=\/wp\/v2\/posts\/1794\/revisions\/1795"}],"wp:attachment":[{"href":"http:\/\/trail.camadeira.com\/index.php?rest_route=%2Fwp%2Fv2%2Fmedia&parent=1794"}],"wp:term":[{"taxonomy":"category","embeddable":true,"href":"http:\/\/trail.camadeira.com\/index.php?rest_route=%2Fwp%2Fv2%2Fcategories&post=1794"},{"taxonomy":"post_tag","embeddable":true,"href":"http:\/\/trail.camadeira.com\/index.php?rest_route=%2Fwp%2Fv2%2Ftags&post=1794"}],"curies":[{"name":"wp","href":"https:\/\/api.w.org\/{rel}","templated":true}]}}