{"id":1770,"date":"2016-08-15T20:06:19","date_gmt":"2016-08-15T19:06:19","guid":{"rendered":"http:\/\/trail.camadeira.com\/?p=1770"},"modified":"2016-08-21T22:28:46","modified_gmt":"2016-08-21T21:28:46","slug":"trail-natureza-de-santa-cruz-4-setembro-2016","status":"publish","type":"post","link":"http:\/\/trail.camadeira.com\/?p=1770","title":{"rendered":"Trail Natureza de Santa Cruz &#8211; 4 setembro 2016"},"content":{"rendered":"<p><a href=\"http:\/\/trail.camadeira.com\/wp-content\/uploads\/2016\/08\/DSC06130.jpg\"><br \/>\n<\/a>O Trail Natureza de Santa Cruz est\u00e1 previsto decorrer no dia 4 de setembro de 2016, nas serras de Santa Cruz, envolvendo a zona do Santo da Serra e Ch\u00e3o das Aboboreiras.<\/p>\n<p>Brevemente mais informa\u00e7\u00f5es e abertura de inscri\u00e7\u00f5es nesta p\u00e1gina.<\/p>\n<p><a href=\"http:\/\/trail.camadeira.com\/wp-content\/uploads\/2016\/08\/DSC06120.jpg\"><img loading=\"lazy\" class=\"aligncenter size-full wp-image-1771\" src=\"http:\/\/trail.camadeira.com\/wp-content\/uploads\/2016\/08\/DSC06120.jpg\" alt=\"DSC06120\" width=\"1555\" height=\"1166\" srcset=\"http:\/\/trail.camadeira.com\/wp-content\/uploads\/2016\/08\/DSC06120.jpg 1555w, http:\/\/trail.camadeira.com\/wp-content\/uploads\/2016\/08\/DSC06120-300x225.jpg 300w, http:\/\/trail.camadeira.com\/wp-content\/uploads\/2016\/08\/DSC06120-1024x768.jpg 1024w\" sizes=\"(max-width: 1555px) 100vw, 1555px\" \/><\/a><\/p>\n","protected":false},"excerpt":{"rendered":"<p>O Trail Natureza de Santa Cruz est\u00e1 previsto decorrer no dia 4 de setembro de 2016, nas serras de Santa Cruz, envolvendo a zona do Santo da Serra e Ch\u00e3o das Aboboreiras. Brevemente mais informa\u00e7\u00f5es e abertura de inscri\u00e7\u00f5es nesta p\u00e1gina.<\/p>\n","protected":false},"author":1,"featured_media":0,"comment_status":"closed","ping_status":"closed","sticky":false,"template":"","format":"standard","meta":[],"categories":[1],"tags":[],"_links":{"self":[{"href":"http:\/\/trail.camadeira.com\/index.php?rest_route=\/wp\/v2\/posts\/1770"}],"collection":[{"href":"http:\/\/trail.camadeira.com\/index.php?rest_route=\/wp\/v2\/posts"}],"about":[{"href":"http:\/\/trail.camadeira.com\/index.php?rest_route=\/wp\/v2\/types\/post"}],"author":[{"embeddable":true,"href":"http:\/\/trail.camadeira.com\/index.php?rest_route=\/wp\/v2\/users\/1"}],"replies":[{"embeddable":true,"href":"http:\/\/trail.camadeira.com\/index.php?rest_route=%2Fwp%2Fv2%2Fcomments&post=1770"}],"version-history":[{"count":3,"href":"http:\/\/trail.camadeira.com\/index.php?rest_route=\/wp\/v2\/posts\/1770\/revisions"}],"predecessor-version":[{"id":1793,"href":"http:\/\/trail.camadeira.com\/index.php?rest_route=\/wp\/v2\/posts\/1770\/revisions\/1793"}],"wp:attachment":[{"href":"http:\/\/trail.camadeira.com\/index.php?rest_route=%2Fwp%2Fv2%2Fmedia&parent=1770"}],"wp:term":[{"taxonomy":"category","embeddable":true,"href":"http:\/\/trail.camadeira.com\/index.php?rest_route=%2Fwp%2Fv2%2Fcategories&post=1770"},{"taxonomy":"post_tag","embeddable":true,"href":"http:\/\/trail.camadeira.com\/index.php?rest_route=%2Fwp%2Fv2%2Ftags&post=1770"}],"curies":[{"name":"wp","href":"https:\/\/api.w.org\/{rel}","templated":true}]}}