{"id":1764,"date":"2016-08-04T01:18:08","date_gmt":"2016-08-04T00:18:08","guid":{"rendered":"http:\/\/trail.camadeira.com\/?p=1764"},"modified":"2016-08-04T03:21:53","modified_gmt":"2016-08-04T02:21:53","slug":"jose-ribeiro-nadia-meroni-e-jose-faria-vencem-escaloes-no-trail-do-porto-da-cruz-natura","status":"publish","type":"post","link":"http:\/\/trail.camadeira.com\/?p=1764","title":{"rendered":"Jos\u00e9 Ribeiro, Nadia Meroni e Jos\u00e9 Faria  vencem escal\u00f5es no Trail do Porto da Cruz Natura"},"content":{"rendered":"<p style=\"text-align: justify;\">Jos\u00e9 Ribeiro, Nadia Meroni e Gon\u00e7alo Gon\u00e7alves foram os representantes do Clube Aventura da Madeira na prova principal do Trail do Porto da Cruz Natura, com 45km e 2700m D+, vencendo os seus escal\u00f5es, Jos\u00e9 Ribeiro foi 1.\u00ba no escal\u00e3o M50, concluindo a prova em 06:33:51, valendo a 20.\u00aa posi\u00e7\u00e3o da geral, enquanto Nadia Meroni venceu o escal\u00e3o F45 com 08:09:42. Gon\u00e7alo Gon\u00e7alves concluiu a prova na 22.\u00aa posi\u00e7\u00e3o do escal\u00e3o M40.<\/p>\n<p style=\"text-align: justify;\">Na dist\u00e2ncia interm\u00e9dia com 22km e 1400m D+, o Clube Aventura da Madeira esteve representado por Jos\u00e9 Faria que venceu o escal\u00e3o M55, enquanto Jos\u00e9 D\u00e1rio foi 6.\u00ba no escal\u00e3o M50. Nesta dist\u00e2ncia participou ainda Nuno Alves que acabou por desistir com problemas f\u00edsicos.<\/p>\n<p style=\"text-align: justify;\">A prova mais curta de 10km 300M D+ teve quatro atletas do Clube Aventura da Madeira, com M\u00e1rcio Coelho em destaque, obtendo a 4.\u00aa posi\u00e7\u00e3o da geral, somente a 23 segundos do terceiro lugar, Urbano Faria foi 14.\u00ba, Stefano Fernandes foi 24.\u00ba e Marco Pereira 63.\u00ba da geral.<\/p>\n","protected":false},"excerpt":{"rendered":"<p>Jos\u00e9 Ribeiro, Nadia Meroni e Gon\u00e7alo Gon\u00e7alves foram os representantes do Clube Aventura da Madeira na prova principal do Trail do Porto da Cruz Natura, com 45km e 2700m D+, vencendo os seus escal\u00f5es, Jos\u00e9 Ribeiro foi 1.\u00ba no escal\u00e3o M50, concluindo a prova em 06:33:51, valendo a 20.\u00aa posi\u00e7\u00e3o da geral, enquanto Nadia Meroni &hellip; <\/p>\n<p><a class=\"more-link btn\" href=\"http:\/\/trail.camadeira.com\/?p=1764\">Continue a ler<\/a><\/p>\n","protected":false},"author":1,"featured_media":0,"comment_status":"closed","ping_status":"closed","sticky":false,"template":"","format":"standard","meta":[],"categories":[1],"tags":[],"_links":{"self":[{"href":"http:\/\/trail.camadeira.com\/index.php?rest_route=\/wp\/v2\/posts\/1764"}],"collection":[{"href":"http:\/\/trail.camadeira.com\/index.php?rest_route=\/wp\/v2\/posts"}],"about":[{"href":"http:\/\/trail.camadeira.com\/index.php?rest_route=\/wp\/v2\/types\/post"}],"author":[{"embeddable":true,"href":"http:\/\/trail.camadeira.com\/index.php?rest_route=\/wp\/v2\/users\/1"}],"replies":[{"embeddable":true,"href":"http:\/\/trail.camadeira.com\/index.php?rest_route=%2Fwp%2Fv2%2Fcomments&post=1764"}],"version-history":[{"count":4,"href":"http:\/\/trail.camadeira.com\/index.php?rest_route=\/wp\/v2\/posts\/1764\/revisions"}],"predecessor-version":[{"id":1768,"href":"http:\/\/trail.camadeira.com\/index.php?rest_route=\/wp\/v2\/posts\/1764\/revisions\/1768"}],"wp:attachment":[{"href":"http:\/\/trail.camadeira.com\/index.php?rest_route=%2Fwp%2Fv2%2Fmedia&parent=1764"}],"wp:term":[{"taxonomy":"category","embeddable":true,"href":"http:\/\/trail.camadeira.com\/index.php?rest_route=%2Fwp%2Fv2%2Fcategories&post=1764"},{"taxonomy":"post_tag","embeddable":true,"href":"http:\/\/trail.camadeira.com\/index.php?rest_route=%2Fwp%2Fv2%2Ftags&post=1764"}],"curies":[{"name":"wp","href":"https:\/\/api.w.org\/{rel}","templated":true}]}}