{"id":1618,"date":"2016-04-26T22:01:50","date_gmt":"2016-04-26T21:01:50","guid":{"rendered":"http:\/\/trail.camadeira.com\/?p=1618"},"modified":"2016-04-26T22:51:39","modified_gmt":"2016-04-26T21:51:39","slug":"clube-aventura-da-madeira-no-madeira-island-ultra-trail-2016","status":"publish","type":"post","link":"http:\/\/trail.camadeira.com\/?p=1618","title":{"rendered":"Clube Aventura da Madeira no Madeira Island Ultra Trail 2016"},"content":{"rendered":"<p>A edi\u00e7\u00e3o 2016 do MIUT pertenceu ao calend\u00e1rio do Ultra Trail World Tour e contou com 22 atletas em representa\u00e7\u00e3o do Clube Aventura da Madeira, entre os cerca de 1800 atletas que partiram nas diversas provas.<\/p>\n<p><a href=\"http:\/\/trail.camadeira.com\/wp-content\/uploads\/2016\/04\/13087849_1113282452026385_2443751028603082591_n.jpg\"><img loading=\"lazy\" class=\"aligncenter wp-image-1622\" src=\"http:\/\/trail.camadeira.com\/wp-content\/uploads\/2016\/04\/13087849_1113282452026385_2443751028603082591_n.jpg\" alt=\"13087849_1113282452026385_2443751028603082591_n\" width=\"764\" height=\"509\" srcset=\"http:\/\/trail.camadeira.com\/wp-content\/uploads\/2016\/04\/13087849_1113282452026385_2443751028603082591_n.jpg 960w, http:\/\/trail.camadeira.com\/wp-content\/uploads\/2016\/04\/13087849_1113282452026385_2443751028603082591_n-300x200.jpg 300w\" sizes=\"(max-width: 764px) 100vw, 764px\" \/><\/a><\/p>\n<p>Destaque para os resistentes que conclu\u00edram a prova principal, os 115km do MIUT, com partida no Porto Moniz e Chegada a Machico, com destaque para Nadia Meroni que foi 2.\u00aa classificada no escal\u00e3o Femininos 45, e ainda os finalistas Pedro Silva, Jo\u00e3o Mendon\u00e7a e Pedro Alves.<\/p>\n<p>Resultados MIUT 115km:<\/p>\n<p>202\u00ba\u00a0\u00a0\u00a0\u00a0\u00a0\u00a0 Nadia Meroni\u00a0\u00a0\u00a0 F45\u00a0\u00a0\u00a0\u00a0\u00a0\u00a0\u00a0\u00a0 24:53:02<\/p>\n<p>219\u00ba\u00a0\u00a0\u00a0\u00a0\u00a0\u00a0 Peter Silva\u00a0\u00a0\u00a0\u00a0\u00a0\u00a0\u00a0\u00a0\u00a0 SEN M\u00a0 25:27:12<\/p>\n<p>255\u00ba\u00a0\u00a0\u00a0\u00a0\u00a0\u00a0 Jo\u00e3o Mendon\u00e7a M45\u00a0\u00a0\u00a0\u00a0 26:48:11<\/p>\n<p>291\u00ba\u00a0\u00a0\u00a0\u00a0\u00a0\u00a0 Pedro Alves\u00a0\u00a0\u00a0\u00a0\u00a0\u00a0 SEN M\u00a0 28:23:12<\/p>\n<p>Ainda participaram Jo\u00e3o Nunes, Gon\u00e7alo Gon\u00e7alves e David Henriques, mas n\u00e3o conclu\u00edram por motivos f\u00edsicos. Nesta prova conclu\u00edram 378 atletas, entre os 579 atletas que partiram de Porto Moniz.<\/p>\n<p>&nbsp;<\/p>\n<p><a href=\"http:\/\/trail.camadeira.com\/wp-content\/uploads\/2016\/04\/13095948_946746515451533_2333619701364196187_n.jpg\"><img loading=\"lazy\" class=\"aligncenter wp-image-1625\" src=\"http:\/\/trail.camadeira.com\/wp-content\/uploads\/2016\/04\/13095948_946746515451533_2333619701364196187_n.jpg\" alt=\"13095948_946746515451533_2333619701364196187_n\" width=\"582\" height=\"328\" srcset=\"http:\/\/trail.camadeira.com\/wp-content\/uploads\/2016\/04\/13095948_946746515451533_2333619701364196187_n.jpg 497w, http:\/\/trail.camadeira.com\/wp-content\/uploads\/2016\/04\/13095948_946746515451533_2333619701364196187_n-300x169.jpg 300w\" sizes=\"(max-width: 582px) 100vw, 582px\" \/><\/a><\/p>\n<p>A dist\u00e2ncia Ultra do MIUT com 85km teve partida em S\u00e3o Vicente, tendo contado com tr\u00eas atletas do Clube Aventura da Madeira que estiveram em destaque, com Jos\u00e9 Victor a obter a 9.\u00aa posi\u00e7\u00e3o e o primeiro dos atletas SUB23, Jos\u00e9 Ribeiro foi 24.\u00ba da geral e 1.\u00ba no escal\u00e3o M50, fechando a participa\u00e7\u00e3o nesta dist\u00e2ncia Jos\u00e9 Nunes, 61.\u00ba da geral e 3.\u00ba no escal\u00e3o M55.<\/p>\n<p>Resultados MIUT 85Km:<\/p>\n<p>9\u00ba\u00a0 Jos\u00e9 Vitor\u00a0 SUB 23 M\u00a0 12:31:52<\/p>\n<p>24\u00ba Jos\u00e9 Ribeiro M50\u00a0\u00a0\u00a0\u00a0\u00a0 13:51:22<\/p>\n<p>61\u00ba Jos\u00e9 Nunes\u00a0\u00a0\u00a0\u00a0\u00a0\u00a0\u00a0\u00a0\u00a0\u00a0\u00a0\u00a0\u00a0\u00a0\u00a0 M55\u00a0\u00a0\u00a0\u00a0\u00a0 \u00a015:12:50<\/p>\n<p>Partiram 279 atletas na dist\u00e2ncia 85km tendo conclu\u00eddo 239 atletas.<\/p>\n<p>&nbsp;<\/p>\n<p>A prova Marathon do MIUT contou com seis atletas do Clube Aventura da Madeira, teve partida no Ch\u00e3o da Lagoa e chegada em Machico. Destaque para Rui Gon\u00e7alves, Jos\u00e9 Faria que foi 3.\u00ba no Escal\u00e3o M50, Duarte Greg\u00f3rio, Afonso Freitas, Manuel N\u00f3ia e Rosalina Gouveia.<\/p>\n<p><a href=\"http:\/\/trail.camadeira.com\/wp-content\/uploads\/2016\/04\/13051709_2011096385782203_6505090913322312560_n.jpg\"><img loading=\"lazy\" class=\"aligncenter size-full wp-image-1626\" src=\"http:\/\/trail.camadeira.com\/wp-content\/uploads\/2016\/04\/13051709_2011096385782203_6505090913322312560_n.jpg\" alt=\"13051709_2011096385782203_6505090913322312560_n\" width=\"640\" height=\"960\" srcset=\"http:\/\/trail.camadeira.com\/wp-content\/uploads\/2016\/04\/13051709_2011096385782203_6505090913322312560_n.jpg 640w, http:\/\/trail.camadeira.com\/wp-content\/uploads\/2016\/04\/13051709_2011096385782203_6505090913322312560_n-200x300.jpg 200w\" sizes=\"(max-width: 640px) 100vw, 640px\" \/><\/a><\/p>\n<p>Resultados Marathon 43km MIUT:<\/p>\n<p>19\u00ba\u00a0 Rui Gon\u00e7alves\u00a0\u00a0\u00a0 M40\u00a0\u00a0\u00a0\u00a0\u00a0\u00a0\u00a0\u00a0\u00a0\u00a0\u00a0\u00a0 04:48:05<\/p>\n<p>108\u00ba Jos\u00e9 Faria\u00a0 \u00a0\u00a0\u00a0\u00a0\u00a0 M55 05:51:16<\/p>\n<p>148\u00ba Duarte Greg\u00f3rio\u00a0 M55\u00a0\u00a0\u00a0\u00a0\u00a0\u00a0\u00a0\u00a0 06:14:34<\/p>\n<p>214\u00ba Afonso Freitas\u00a0\u00a0 SEN M\u00a0\u00a0\u00a0\u00a0\u00a0\u00a0 06:41:33<\/p>\n<p>305\u00ba Rosalina Gouveia SEN F\u00a0\u00a0\u00a0\u00a0\u00a0 07:22:06<\/p>\n<p>308\u00ba Manuel Noia\u00a0\u00a0\u00a0\u00a0\u00a0 M45\u00a0\u00a0\u00a0\u00a0\u00a0\u00a0\u00a0\u00a0\u00a0\u00a0\u00a0 07:22:36<\/p>\n<p>&nbsp;<\/p>\n<p>Partiram 550 atletas do Ch\u00e3o da Lagoa e terminaram 527 atletas.<\/p>\n<p>&nbsp;<\/p>\n<p>A prova mais curta do MIUT com 17km partiu do centro do Porto da Cruz e final em Machico, tendo contado com 7 atletas do Clube Aventura da Madeira. Destaque para M\u00e1rcio Coelho 7.\u00ba da geral e 3.\u00ba entre os seniores Masculinos, Sid\u00f3nio Cabral em 4.\u00ba no escal\u00e3o M40, e ainda Edson Pereira,D\u00e1rio Abreu, Adriana Ladeira, Rosalina Gouveia e S\u00edlvia Ribeiro.<\/p>\n<p>&nbsp;<\/p>\n<p>Resultados prova Mini do MIUT 17km:<\/p>\n<p>7\u00ba\u00a0\u00a0 M\u00e1rcio Coelho\u00a0\u00a0\u00a0\u00a0\u00a0\u00a0\u00a0\u00a0\u00a0 SEN M\u00a0 01:22:06<\/p>\n<p>14\u00ba\u00a0 Urbano Faria\u00a0\u00a0\u00a0\u00a0\u00a0\u00a0\u00a0\u00a0\u00a0\u00a0\u00a0 SEN M\u00a0 01:26:45<\/p>\n<p>42\u00ba\u00a0 Sidonio Cabral\u00a0\u00a0\u00a0\u00a0\u00a0\u00a0\u00a0\u00a0\u00a0 M50\u00a0\u00a0\u00a0\u00a0\u00a0\u00a0 01:42:29<\/p>\n<p>88\u00ba\u00a0 Edson Pereira\u00a0\u00a0\u00a0\u00a0\u00a0\u00a0\u00a0\u00a0\u00a0 SEN M\u00a0 01:54:03<\/p>\n<p>122\u00ba Dario Abreu\u00a0\u00a0\u00a0\u00a0\u00a0\u00a0\u00a0\u00a0\u00a0\u00a0\u00a0\u00a0 M50\u00a0\u00a0\u00a0\u00a0\u00a0\u00a0 02:00:30<\/p>\n<p>237\u00ba Adriana Ladeira\u00a0\u00a0\u00a0\u00a0\u00a0 F50\u00a0\u00a0\u00a0\u00a0\u00a0\u00a0\u00a0\u00a0 02:24:47<\/p>\n<p>344\u00ba Silvia Ribeiro\u00a0\u00a0\u00a0\u00a0\u00a0\u00a0\u00a0\u00a0\u00a0\u00a0\u00a0 F40\u00a0\u00a0\u00a0\u00a0\u00a0\u00a0\u00a0\u00a0 03:04:29<\/p>\n<p>Partiram 356 atletas do Porto da Cruz e terminaram em Machico 354 atletas.<\/p>\n<p>Fotos: cr\u00e9ditos:<\/p>\n<p>Prozis Trail Running &#8211;\u00a0https:\/\/www.facebook.com\/ProzisTrailRunning\/?fref=ts<\/p>\n<p>Lu\u00eds Pepe Branco &#8211;\u00a0https:\/\/www.facebook.com\/luis.branco.1840?fref=ts<\/p>\n","protected":false},"excerpt":{"rendered":"<p>A edi\u00e7\u00e3o 2016 do MIUT pertenceu ao calend\u00e1rio do Ultra Trail World Tour e contou com 22 atletas em representa\u00e7\u00e3o do Clube Aventura da Madeira, entre os cerca de 1800 atletas que partiram nas diversas provas. Destaque para os resistentes que conclu\u00edram a prova principal, os 115km do MIUT, com partida no Porto Moniz e &hellip; <\/p>\n<p><a class=\"more-link btn\" href=\"http:\/\/trail.camadeira.com\/?p=1618\">Continue a ler<\/a><\/p>\n","protected":false},"author":1,"featured_media":0,"comment_status":"closed","ping_status":"closed","sticky":false,"template":"","format":"standard","meta":[],"categories":[1],"tags":[],"_links":{"self":[{"href":"http:\/\/trail.camadeira.com\/index.php?rest_route=\/wp\/v2\/posts\/1618"}],"collection":[{"href":"http:\/\/trail.camadeira.com\/index.php?rest_route=\/wp\/v2\/posts"}],"about":[{"href":"http:\/\/trail.camadeira.com\/index.php?rest_route=\/wp\/v2\/types\/post"}],"author":[{"embeddable":true,"href":"http:\/\/trail.camadeira.com\/index.php?rest_route=\/wp\/v2\/users\/1"}],"replies":[{"embeddable":true,"href":"http:\/\/trail.camadeira.com\/index.php?rest_route=%2Fwp%2Fv2%2Fcomments&post=1618"}],"version-history":[{"count":6,"href":"http:\/\/trail.camadeira.com\/index.php?rest_route=\/wp\/v2\/posts\/1618\/revisions"}],"predecessor-version":[{"id":1628,"href":"http:\/\/trail.camadeira.com\/index.php?rest_route=\/wp\/v2\/posts\/1618\/revisions\/1628"}],"wp:attachment":[{"href":"http:\/\/trail.camadeira.com\/index.php?rest_route=%2Fwp%2Fv2%2Fmedia&parent=1618"}],"wp:term":[{"taxonomy":"category","embeddable":true,"href":"http:\/\/trail.camadeira.com\/index.php?rest_route=%2Fwp%2Fv2%2Fcategories&post=1618"},{"taxonomy":"post_tag","embeddable":true,"href":"http:\/\/trail.camadeira.com\/index.php?rest_route=%2Fwp%2Fv2%2Ftags&post=1618"}],"curies":[{"name":"wp","href":"https:\/\/api.w.org\/{rel}","templated":true}]}}