{"id":1614,"date":"2015-11-22T22:37:27","date_gmt":"2015-11-22T21:37:27","guid":{"rendered":"http:\/\/trail.camadeira.com\/?p=1614"},"modified":"2015-11-22T22:38:34","modified_gmt":"2015-11-22T21:38:34","slug":"jose-vitor-no-podio-do-trail-de-camara-de-lobos","status":"publish","type":"post","link":"http:\/\/trail.camadeira.com\/?p=1614","title":{"rendered":"Jos\u00e9 Vitor no p\u00f3dio do Trail de C\u00e2mara de Lobos"},"content":{"rendered":"<p>O Trail do concelho de C\u00e2mara de Lobos estreou a competi\u00e7\u00e3o regional federada da disciplina do Atletismo, Trail Running, com organiza\u00e7\u00e3o do Di\u00e1rio de Not\u00edcias, ACD Jardim da Serra e ACRE.<\/p>\n<p>A prova principal com 47km constituiu o principal desafio proposto pela organiza\u00e7\u00e3o, com um percurso que praticamente deu a volta ao concelho, com particular destaque para a passagem pelo Curral das Freiras e para o enorme desn\u00edvel a vencer para voltar ao topo das serras do concelho, na zona da Boca da Corrida.<\/p>\n<p>Jos\u00e9 Vitor a representar o Clube Aventura da Madeira esteve em grande. Ainda no escal\u00e3o sub-23, mostra todo o potencial para o Trail Running, com uma prova muito bem conseguida, onde foi l\u00edder em parciais da prova vindo a terminar numa honrosa segunda posi\u00e7\u00e3o final, com o tempo de 05:57:53 e primeiro atleta Sub23. O primeiro lugar foi para Bruno Dantas e a terceira posi\u00e7\u00e3o para Bruno Fernandes.<\/p>\n<p>Nos femininos, a atleta do Clube Aventura da Madeira Nadia Meroni, foi uma das resistentes femininas a concluir esta dura prova, com 2700 m D+, em 08:11:03, vencendo o seu escal\u00e3o, os Femininos 40. A vencedora foi L\u00facia Franco, seguida de Ol\u00edvia Sousa e em terceiro lugar Jennifer Alves.<\/p>\n<p><strong>Miguel Gon\u00e7alves em 4.\u00ba no Trail 22km<\/strong><\/p>\n<p>Miguel Gon\u00e7alves (Clube Aventura da Madeira) esteve muito perto do p\u00f3dio na prova de dist\u00e2ncia interm\u00e9dia do Trail de C\u00e2mara de Lobos, terminando a prova na quarta posi\u00e7\u00e3o com 2:02:42, a 23 segundos do terceiro lugar. Nelson Baroca foi o segundo atleta do Clube Aventura da Madeira a concluir a prova, conseguindo um lugar de destaque, terminando na sexta posi\u00e7\u00e3o com 02:08:58.<\/p>\n<p><u>Jos\u00e9 Ribeiro e Jos\u00e9 Faria sobem ao p\u00f3dio nos seus escal\u00f5es<\/u><\/p>\n<p>Jos\u00e9 Ribeiro com mais uma excelente presta\u00e7\u00e3o conseguiu vencer o escal\u00e3o Veteranos 50, com o tempo 02:23:58. Jos\u00e9 Faria foi terceiro no Escal\u00e3o Veteranos 55 com 02:37:56, Sid\u00f3nio Cabral foi 5.\u00ba nos veteranos 50 com 02:44:39 e Rosalina Gouveia fechou a representa\u00e7\u00e3o do Clube Aventura da Madeira nesta dist\u00e2ncia concluindo a prova na 22.\u00aa posi\u00e7\u00e3o do seu escal\u00e3o com o tempo de 03:19:51.<\/p>\n<p><strong>Trail Curto com 300 participantes<\/strong><\/p>\n<p>Na prova mais curta do Trail de C\u00e2mara de Lobos, com 8,5km, Edson Pereira foi o primeiro representante do Clube Aventura da Madeira a cortar a linha de chegada, com o tempo de 01:05:46, que valeu a 94.\u00ba posi\u00e7\u00e3o da geral. S\u00edlvia Marta tamb\u00e9m representou o Clube Aventura da Madeira terminando a sua prova 18.\u00ba lugar do escal\u00e3o veteranas 40, com a 01:45:40.<\/p>\n<p>&nbsp;<\/p>\n","protected":false},"excerpt":{"rendered":"<p>O Trail do concelho de C\u00e2mara de Lobos estreou a competi\u00e7\u00e3o regional federada da disciplina do Atletismo, Trail Running, com organiza\u00e7\u00e3o do Di\u00e1rio de Not\u00edcias, ACD Jardim da Serra e ACRE. A prova principal com 47km constituiu o principal desafio proposto pela organiza\u00e7\u00e3o, com um percurso que praticamente deu a volta ao concelho, com particular &hellip; <\/p>\n<p><a class=\"more-link btn\" href=\"http:\/\/trail.camadeira.com\/?p=1614\">Continue a ler<\/a><\/p>\n","protected":false},"author":1,"featured_media":0,"comment_status":"closed","ping_status":"closed","sticky":false,"template":"","format":"standard","meta":[],"categories":[1],"tags":[],"_links":{"self":[{"href":"http:\/\/trail.camadeira.com\/index.php?rest_route=\/wp\/v2\/posts\/1614"}],"collection":[{"href":"http:\/\/trail.camadeira.com\/index.php?rest_route=\/wp\/v2\/posts"}],"about":[{"href":"http:\/\/trail.camadeira.com\/index.php?rest_route=\/wp\/v2\/types\/post"}],"author":[{"embeddable":true,"href":"http:\/\/trail.camadeira.com\/index.php?rest_route=\/wp\/v2\/users\/1"}],"replies":[{"embeddable":true,"href":"http:\/\/trail.camadeira.com\/index.php?rest_route=%2Fwp%2Fv2%2Fcomments&post=1614"}],"version-history":[{"count":1,"href":"http:\/\/trail.camadeira.com\/index.php?rest_route=\/wp\/v2\/posts\/1614\/revisions"}],"predecessor-version":[{"id":1615,"href":"http:\/\/trail.camadeira.com\/index.php?rest_route=\/wp\/v2\/posts\/1614\/revisions\/1615"}],"wp:attachment":[{"href":"http:\/\/trail.camadeira.com\/index.php?rest_route=%2Fwp%2Fv2%2Fmedia&parent=1614"}],"wp:term":[{"taxonomy":"category","embeddable":true,"href":"http:\/\/trail.camadeira.com\/index.php?rest_route=%2Fwp%2Fv2%2Fcategories&post=1614"},{"taxonomy":"post_tag","embeddable":true,"href":"http:\/\/trail.camadeira.com\/index.php?rest_route=%2Fwp%2Fv2%2Ftags&post=1614"}],"curies":[{"name":"wp","href":"https:\/\/api.w.org\/{rel}","templated":true}]}}