{"id":1604,"date":"2015-11-03T00:36:25","date_gmt":"2015-11-02T23:36:25","guid":{"rendered":"http:\/\/trail.camadeira.com\/?p=1604"},"modified":"2015-11-04T13:30:20","modified_gmt":"2015-11-04T12:30:20","slug":"leonardo-diogo-no-3-o-lugar-do-podio-e-jose-victor-gomes-em-7-o-no-ecotrail-funchal-madeira","status":"publish","type":"post","link":"http:\/\/trail.camadeira.com\/?p=1604","title":{"rendered":"Leonardo Diogo no 3.\u00ba lugar do p\u00f3dio e Jos\u00e9 Victor Gomes em 7.\u00ba no Ecotrail Funchal Madeira"},"content":{"rendered":"<p><strong>Atletas do Clube Aventura da Madeira em destaque no Ecotrail Funchal Madeira\u00a0<\/strong><\/p>\n<p>Ap\u00f3s a apresenta\u00e7\u00e3o dos percursos e primeiros reconhecimentos era certo que as provas m\u00e9dia e longa do Ecotrail Funchal Madeira seriam \u00a0grandes desafios para os seus participantes e confirmou-se! Desafios \u00e0 volta do concelho do Funchal que mostraram paisagens grandiosas, floresta,\u00a0os campos agr\u00edcolas revelando um Funchal ainda produtor de banana,\u00a0novos trilhos, dificuldade e desafios entre os nossos emblem\u00e1ticos calhaus e as montanhas mais altas do concelho, \u00a0suficientes para os bravos que aceitaram o repto!<\/p>\n<p>O tempo esteve favor\u00e1vel no geral, entre o sol que aqueceu as zonas mais urbanas, e os chuviscos e frio que assolaram o topo das montanhas at\u00e9 aos 1800 metros de altitude.<\/p>\n<p><strong>Leonardo Diogo no 3.\u00ba lugar do p\u00f3dio da prova principal liderou uma excelente participa\u00e7\u00e3o dos representantes do Clube Aventura da Madeira<\/strong><\/p>\n<p><a href=\"http:\/\/trail.camadeira.com\/wp-content\/uploads\/2015\/11\/DSC00079.jpg\"><img loading=\"lazy\" class=\"aligncenter size-large wp-image-1607\" src=\"http:\/\/trail.camadeira.com\/wp-content\/uploads\/2015\/11\/DSC00079-1024x747.jpg\" alt=\"DSC00079\" width=\"1024\" height=\"747\" srcset=\"http:\/\/trail.camadeira.com\/wp-content\/uploads\/2015\/11\/DSC00079.jpg 1024w, http:\/\/trail.camadeira.com\/wp-content\/uploads\/2015\/11\/DSC00079-300x219.jpg 300w\" sizes=\"(max-width: 1024px) 100vw, 1024px\" \/><\/a><\/p>\n<p>Mais uma grande presta\u00e7\u00e3o de Leonardo Diogo numa prova com visibilidade internacional, terceiro lugar com o tempo de\u00a009:51:17. \u00a0A vit\u00f3ria foi para Arnaud Lejeune com\u00a008:30:09, seguido de Fabien Antolinos com\u00a008:49:46, na segunda posi\u00e7\u00e3o.<\/p>\n<p>Destaque entre os atletas do Clube Aventura da Madeira para a excelente prova do atleta Sub23 Jos\u00e9 Victor Gomes, que obteve o 7.\u00ba lugar da classifica\u00e7\u00e3o absoluta, com o tempo de\u00a011:14:33.<\/p>\n<p>Jos\u00e9 Nunes foi segundo entre os veteranos 50 anos, com o tempo de\u00a013:43:43, que valeu a 23.\u00aa posi\u00e7\u00e3o absoluta. Dos seis representantes do Clube Aventura da Madeira que partiram,\u00a0conclu\u00edram ainda a prova Ant\u00f3nio Gon\u00e7alves com\u00a014:09:58 e Jo\u00e3o Mendon\u00e7a\u00a014:45:00. David Henriques acabou por desistir por problemas f\u00edsicos quando j\u00e1 tinha percorrido uma parte importante do percurso.<\/p>\n<p><strong>Jo\u00e3o Nunes e Joana Freitas foram os melhores do Clube Aventura da Madeira na prova de 40km, com a 12.\u00aa posi\u00e7\u00e3o<\/strong><\/p>\n<p>Participaram 5 atletas do Clube Aventura da Madeira na prova interm\u00e9dia do Ecotrail Funchal, uma prova que revelou-se dura para muitos estreantes nesta dist\u00e2ncia. Destaque para Jo\u00e3o Nunes que concluiu na 12.\u00aa posi\u00e7\u00e3o, com o tempo de\u00a005:46:38, seguiu-se Jos\u00e9 Ribeiro em 38.\u00ba com o tempo de 06:47:58, que valeu a terceira posi\u00e7\u00e3o entre os veteranos 50 anos, depois Manuel G\u00f3is com 07:24:39 em 62.\u00ba , Joana Freitas foi a melhor representante feminina do Clube, concluiu a prova em 12.\u00aa da geral feminina com\u00a008:29:39 e Lu\u00edsa Abreu na\u00a009:32:59 na 14.\u00aa posi\u00e7\u00e3o da geral feminina.<\/p>\n<p><strong>Nelson Baroca\u00a0e Rosalina Gouveia os melhores nos 17km<\/strong><\/p>\n<p>A prova mais curta do Ecotrail Funchal foi \u00a0a mais participada, com 344 participantes a concluir a dist\u00e2ncia na Avenida Arriaga. Nove participantes representaram o Clube Aventura da Madeira com destaque para Nelson Baroca 10.\u00ba na classifica\u00e7\u00e3o geral e Rosalina Gouveia em 204.\u00ba da classifica\u00e7\u00e3o absoluta.<\/p>\n<p>Participantes do Clube Aventura da Madeira, posi\u00e7\u00e3o absoluta e tempo de prova:<\/p>\n<p>Nelson Baroca 10.\u00ba &#8211; \u00a01:13:45<\/p>\n<p>Rui Gon\u00e7alves 27.\u00ba &#8211;\u00a001:21:48<\/p>\n<p>Sid\u00f3nio Cabral \u00a0 77.\u00ba &#8211;\u00a001:30:44<\/p>\n<p>Jos\u00e9 Faria 79.\u00ba &#8211;\u00a001:31:01<\/p>\n<p>Jo\u00e3o Gomes 86.\u00ba &#8211; 01:32:06<\/p>\n<p>Rosalina Gouveia 204.\u00ba &#8211; \u00a001:50:33<\/p>\n<p>Nuno Alves\u00a0211.\u00ba &#8211;\u00a001:51:38<\/p>\n<p>Ant\u00f3nio Olival 283.\u00ba &#8211;\u00a002:04:52<\/p>\n<p>Luc\u00edlia Sousa 330.\u00ba &#8211;\u00a002:23:23<\/p>\n<p>N\u00e9lia Sousa 332.\u00ba &#8211;\u00a002:24:01<\/p>\n<p>O Ecotrail do Funchal apresentou-se com uma log\u00edstica grandiosa, proporcionou resultados e cobertura tv em direto, e proporcionou um conjunto de servi\u00e7os e facilidades para os participantes, onde se destacou os duches em plena pra\u00e7a amarela, com aquecimento a pellets e uma constru\u00e7\u00e3o muito original. A organiza\u00e7\u00e3o garantiu a marca\u00e7\u00e3o do percurso com \u00eaxito, e a seguran\u00e7a dos participantes, resultando num saldo extremamente positivo para o computo geral do evento que se afirma como um veiculo promotor do Funchal e da Madeira no mundo do Trail Running.<\/p>\n<p>Site do Evento:\u00a0http:\/\/ecotrailmadeira.com\/<\/p>\n<p>Resultados:\u00a0https:\/\/lap2go.com\/pt\/Event\/ecotrail-madeira-2015\/Timetable<\/p>\n<p>&nbsp;<\/p>\n<p>&nbsp;<\/p>\n","protected":false},"excerpt":{"rendered":"<p>Atletas do Clube Aventura da Madeira em destaque no Ecotrail Funchal Madeira\u00a0 Ap\u00f3s a apresenta\u00e7\u00e3o dos percursos e primeiros reconhecimentos era certo que as provas m\u00e9dia e longa do Ecotrail Funchal Madeira seriam \u00a0grandes desafios para os seus participantes e confirmou-se! Desafios \u00e0 volta do concelho do Funchal que mostraram paisagens grandiosas, floresta,\u00a0os campos agr\u00edcolas &hellip; <\/p>\n<p><a class=\"more-link btn\" href=\"http:\/\/trail.camadeira.com\/?p=1604\">Continue a ler<\/a><\/p>\n","protected":false},"author":1,"featured_media":0,"comment_status":"closed","ping_status":"closed","sticky":false,"template":"","format":"standard","meta":[],"categories":[1],"tags":[],"_links":{"self":[{"href":"http:\/\/trail.camadeira.com\/index.php?rest_route=\/wp\/v2\/posts\/1604"}],"collection":[{"href":"http:\/\/trail.camadeira.com\/index.php?rest_route=\/wp\/v2\/posts"}],"about":[{"href":"http:\/\/trail.camadeira.com\/index.php?rest_route=\/wp\/v2\/types\/post"}],"author":[{"embeddable":true,"href":"http:\/\/trail.camadeira.com\/index.php?rest_route=\/wp\/v2\/users\/1"}],"replies":[{"embeddable":true,"href":"http:\/\/trail.camadeira.com\/index.php?rest_route=%2Fwp%2Fv2%2Fcomments&post=1604"}],"version-history":[{"count":7,"href":"http:\/\/trail.camadeira.com\/index.php?rest_route=\/wp\/v2\/posts\/1604\/revisions"}],"predecessor-version":[{"id":1612,"href":"http:\/\/trail.camadeira.com\/index.php?rest_route=\/wp\/v2\/posts\/1604\/revisions\/1612"}],"wp:attachment":[{"href":"http:\/\/trail.camadeira.com\/index.php?rest_route=%2Fwp%2Fv2%2Fmedia&parent=1604"}],"wp:term":[{"taxonomy":"category","embeddable":true,"href":"http:\/\/trail.camadeira.com\/index.php?rest_route=%2Fwp%2Fv2%2Fcategories&post=1604"},{"taxonomy":"post_tag","embeddable":true,"href":"http:\/\/trail.camadeira.com\/index.php?rest_route=%2Fwp%2Fv2%2Ftags&post=1604"}],"curies":[{"name":"wp","href":"https:\/\/api.w.org\/{rel}","templated":true}]}}